{"id":878,"date":"2012-11-29T14:19:02","date_gmt":"2012-11-29T14:19:02","guid":{"rendered":"http:\/\/www.bonn-kocht.de\/?p=878"},"modified":"2013-03-28T17:03:25","modified_gmt":"2013-03-28T17:03:25","slug":"weingut-kranz-in-der-pfalz-nette-winzersfrau-guter-wein","status":"publish","type":"post","link":"http:\/\/www.bonn-kocht.de\/?p=878","title":{"rendered":"Weingut Kranz in der Pfalz: Nette Winzersfrau, guter Wein"},"content":{"rendered":"<div id=\"attachment_865\" style=\"width: 160px\" class=\"wp-caption alignleft\"><a href=\"http:\/\/www.bonn-kocht.de\/wp-content\/uploads\/2012\/11\/WeinFrauKranz.aspx_.jpg\"><img aria-describedby=\"caption-attachment-865\" decoding=\"async\" loading=\"lazy\" class=\"size-thumbnail wp-image-865\" title=\"WeinFrauKranz.aspx\" alt=\"\" src=\"http:\/\/www.bonn-kocht.de\/wp-content\/uploads\/2012\/11\/WeinFrauKranz.aspx_-150x150.jpg\" width=\"150\" height=\"150\" \/><\/a><p id=\"caption-attachment-865\" class=\"wp-caption-text\">Schenkt ein: die nette Winzersfrau Kerstin Kranz.<\/p><\/div>\n<p>Sie ist \u00fcberaus gel\u00e4ufig, weil dr\u00fcber gesprochen und geschrieben wird, was das Zeug h\u00e4lt. Im Leben der meisten z\u00e4hlt die &#8220;Liebe auf den ersten Blick&#8221; dennoch zu den raren, singul\u00e4ren oder gar nie erfahrenen Erlebnissen. Umso sch\u00f6ner, wenn die kleinere Schwester, nennen wir sie mal &#8220;Sympathie auf Anhieb&#8221; von Zeit zu Zeit den Alltag netter macht. Wie zum Beispiel bei unserem sommerlichen Besuch auf dem <a href=\"http:\/\/weingut-kranz.de\" target=\"_blank\">Weingut Kranz <\/a>in Ilbesheim in der Pfalz. Eine weingewandte Kollegin hatte das Weingut empfohlen, dessen Chef Boris Kranz sich mit anderen jungen Winzern zur sogenannten S\u00fcdpfalzConnexion (immer diese wahnsinnig innovativen Schreibweisen&#8230;) zusammengeschlossen hat.<!--more-->Mit Florence, Peter und Richard stehe ich an einem Samstagmorgen vor dem schicken,<\/p>\n<div id=\"attachment_866\" style=\"width: 160px\" class=\"wp-caption alignleft\"><a href=\"http:\/\/www.bonn-kocht.de\/wp-content\/uploads\/2012\/11\/WeinKrankAeffchen.aspx_.jpg\"><img aria-describedby=\"caption-attachment-866\" decoding=\"async\" loading=\"lazy\" class=\"size-thumbnail wp-image-866\" title=\"WeinKrankAeffchen.aspx\" alt=\"\" src=\"http:\/\/www.bonn-kocht.de\/wp-content\/uploads\/2012\/11\/WeinKrankAeffchen.aspx_-150x150.jpg\" width=\"150\" height=\"150\" \/><\/a><p id=\"caption-attachment-866\" class=\"wp-caption-text\">Maskottchen: Als Stele aus Stein steht der Affe im Weinberg. Sonst ziert er die Etiketten.<\/p><\/div>\n<p>modernen Anbau am Ortsrand. Rechts von der Einfahrt, da wo die Reben beginnen, f\u00e4llt uns eine kleine Steinstele auf: ein \u00c4ffchen, das Trauben h\u00e4lt. Den munteren, wom\u00f6glich auch trinkfesten Gesellen sehen wir nicht zum letzten Mal. Ob in einer Art kreisrundem Stempel oder als Schatten &#8211; auf den Etiketten des Weinguts ist der Affe allgegenw\u00e4rtig.<\/p>\n<p>Kerstin Kranz \u00f6ffnet auf unser Klingeln hin die T\u00fcr und schon bald nehmen wir den sch\u00f6nen Probierraum mit den originellen Fensterschnitten und der ausgestellten Kunst in Augenschein, w\u00e4hrend die nette Winzerin beginnt, die eine oder andere Flasche zu \u00f6ffnen. Nicht nur im Dschungel der Affen, sondern auch im digitalen Zeitalter ist das Weingut Kranz mit seinen Etiketten angekommen: Kranz 1.1 hei\u00dft eine trockene wei\u00dfe Cuvee, Kranz 2.0 ein roter Gutswein. Gut gefallen uns der Sauvignon blanc und der feinherbe Riesling. Richtig klasse wird&#8217;s dann bei der Terroirweinen, die bei Kranz<\/p>\n<div id=\"attachment_867\" style=\"width: 160px\" class=\"wp-caption alignleft\"><a href=\"http:\/\/www.bonn-kocht.de\/wp-content\/uploads\/2012\/11\/WeinKranzEtikett.aspx_.jpg\"><img aria-describedby=\"caption-attachment-867\" decoding=\"async\" loading=\"lazy\" class=\"size-thumbnail wp-image-867\" title=\"WeinKranzEtikett.aspx\" alt=\"\" src=\"http:\/\/www.bonn-kocht.de\/wp-content\/uploads\/2012\/11\/WeinKranzEtikett.aspx_-150x150.jpg\" width=\"150\" height=\"150\" \/><\/a><p id=\"caption-attachment-867\" class=\"wp-caption-text\">Weinetiketten im Zeitalter des Internets.<\/p><\/div>\n<p>sozusagen die n\u00e4chste Qualit\u00e4tsstufe markieren: Riesling wie Wei\u00dfer Burgunder vom Landschneckenkalk schmecken mineralisch, der Boden, dem das geschuldet ist, ist in einem Glasgef\u00e4\u00df und auf Wandbildern zu sehen. Kalmit hei\u00dft die beste Lage, die den Gro\u00dfen Gew\u00e4chsen ihren Namen gibt. Zur munteren Unterhaltung gesellt sich ein leichter Schwips. Zum Schluss probieren wir noch den versekteten Cabernet Sauvignon, der zart nach Paprika duftet und schmeckt. Ein echter Fund f\u00fcr Fans von Ros\u00e9-Sekt. Und Frau Kranz haben wir schon l\u00e4ngst lieb gewonnen. &#8220;Nicht alle, die kommen, sind so nett&#8221;, sagt sie zum Abschied. Die Blumen k\u00f6nnen wir getrost zur\u00fcck geben! Ein netter Vormittag, an den uns die Beute im Kofferraum noch oft erinnern wird.<\/p>\n<p>Weingut Kranz, M\u00f6rzheimer Stra\u00dfe 2, 76831 Ilbesheim\/Pfalz, Telefon 06341-939206, <a href=\"http:\/\/www.weingut-kranz.de\" target=\"_blank\">www.weingut-kranz.de<\/a><\/p>\n","protected":false},"excerpt":{"rendered":"<p>Sie ist \u00fcberaus gel\u00e4ufig, weil dr\u00fcber gesprochen und geschrieben wird, was das Zeug h\u00e4lt. Im Leben der meisten z\u00e4hlt die &#8220;Liebe auf den ersten Blick&#8221; dennoch zu den raren, singul\u00e4ren oder gar nie erfahrenen Erlebnissen. Umso sch\u00f6ner, wenn die kleinere &hellip; <a href=\"http:\/\/www.bonn-kocht.de\/?p=878\">Weiterlesen <span class=\"meta-nav\">&rarr;<\/span><\/a><\/p>\n","protected":false},"author":4,"featured_media":0,"comment_status":"open","ping_status":"open","sticky":false,"template":"","format":"standard","meta":{"_coblocks_attr":"","_coblocks_dimensions":"","_coblocks_responsive_height":"","_coblocks_accordion_ie_support":"","om_disable_all_campaigns":false,"_monsterinsights_skip_tracking":false,"_monsterinsights_sitenote_active":false,"_monsterinsights_sitenote_note":"","_monsterinsights_sitenote_category":0,"_s2mail":""},"categories":[1,9,11],"tags":[111,109,110],"aioseo_notices":[],"_links":{"self":[{"href":"http:\/\/www.bonn-kocht.de\/index.php?rest_route=\/wp\/v2\/posts\/878"}],"collection":[{"href":"http:\/\/www.bonn-kocht.de\/index.php?rest_route=\/wp\/v2\/posts"}],"about":[{"href":"http:\/\/www.bonn-kocht.de\/index.php?rest_route=\/wp\/v2\/types\/post"}],"author":[{"embeddable":true,"href":"http:\/\/www.bonn-kocht.de\/index.php?rest_route=\/wp\/v2\/users\/4"}],"replies":[{"embeddable":true,"href":"http:\/\/www.bonn-kocht.de\/index.php?rest_route=%2Fwp%2Fv2%2Fcomments&post=878"}],"version-history":[{"count":21,"href":"http:\/\/www.bonn-kocht.de\/index.php?rest_route=\/wp\/v2\/posts\/878\/revisions"}],"predecessor-version":[{"id":1160,"href":"http:\/\/www.bonn-kocht.de\/index.php?rest_route=\/wp\/v2\/posts\/878\/revisions\/1160"}],"wp:attachment":[{"href":"http:\/\/www.bonn-kocht.de\/index.php?rest_route=%2Fwp%2Fv2%2Fmedia&parent=878"}],"wp:term":[{"taxonomy":"category","embeddable":true,"href":"http:\/\/www.bonn-kocht.de\/index.php?rest_route=%2Fwp%2Fv2%2Fcategories&post=878"},{"taxonomy":"post_tag","embeddable":true,"href":"http:\/\/www.bonn-kocht.de\/index.php?rest_route=%2Fwp%2Fv2%2Ftags&post=878"}],"curies":[{"name":"wp","href":"https:\/\/api.w.org\/{rel}","templated":true}]}}