{"id":812,"date":"2012-10-17T17:16:14","date_gmt":"2012-10-17T17:16:14","guid":{"rendered":"http:\/\/www.bonn-kocht.de\/?p=812"},"modified":"2012-10-22T20:45:12","modified_gmt":"2012-10-22T20:45:12","slug":"einfach-geniesen-auf-mallorca","status":"publish","type":"post","link":"http:\/\/www.bonn-kocht.de\/?p=812","title":{"rendered":"&#8220;Einfach&#8221; genie\u00dfen auf Mallorca"},"content":{"rendered":"<div id=\"attachment_830\" style=\"width: 160px\" class=\"wp-caption alignleft\"><a href=\"http:\/\/www.bonn-kocht.de\/wp-content\/uploads\/2012\/10\/Foch-12.jpg\"><img aria-describedby=\"caption-attachment-830\" decoding=\"async\" loading=\"lazy\" class=\"size-thumbnail wp-image-830\" title=\"Foch (1)\" src=\"http:\/\/www.bonn-kocht.de\/wp-content\/uploads\/2012\/10\/Foch-12-150x150.jpg\" alt=\"\" width=\"150\" height=\"150\" \/><\/a><p id=\"caption-attachment-830\" class=\"wp-caption-text\">Gazpacho aus Tomaten und Erdbeeren<\/p><\/div>\n<p>Gerade noch haben wir gen\u00fc\u00dflich den L\u00f6ffel mit dem Schokoladen-Cremoso und dem Mangosorbet abgeleckt, uns noch mal den erfrischenden Geschmack der Gazpacho aus Tomaten (ganz normal) und Erdbeeren (ganz und gar nicht normal) mit der nicht minder spannenden Einlage aus Avocado, Krebsfleisch und Koriander sozusagen gedanklich auf der Zunge zergehen lassen, da fragt die freundliche Crew des mallorquinischen In-Restaurants <a href=\"http:\/\/www.simplyfosh.com\" target=\"_blank\">&#8220;Simply Fosh&#8221;<\/a> per Mail an, ob wir den Abend im ehemaligen Kloster in der Innenstadt von Palma auch wirklich genossen haben.<\/p>\n<p><!--more--><\/p>\n<div id=\"attachment_832\" style=\"width: 160px\" class=\"wp-caption alignleft\"><a href=\"http:\/\/www.bonn-kocht.de\/wp-content\/uploads\/2012\/10\/Foch-2.jpg\"><img aria-describedby=\"caption-attachment-832\" decoding=\"async\" loading=\"lazy\" class=\"size-thumbnail wp-image-832\" title=\"Foch (2)\" src=\"http:\/\/www.bonn-kocht.de\/wp-content\/uploads\/2012\/10\/Foch-2-150x150.jpg\" alt=\"\" width=\"150\" height=\"150\" \/><\/a><p id=\"caption-attachment-832\" class=\"wp-caption-text\">Rindsb\u00e4ckchen \u00e0 la Marc Foch<\/p><\/div>\n<p>Und zwar deutlich mehr, als mancher vielleicht erwarten w\u00fcrde, wenn ein glatzk\u00f6pfiger Brite in Spanien kocht und sein Restaurant auch noch aus freien St\u00fccken einfach nennt. Aber nicht nur einfach so, sondern &#8220;Einfach Fosh&#8221;, also einfach er selbst. Das Flaggschiff im Gastro-Imperium von Marc Fosh, der au\u00dferdem eine Tapas-Bar und eine Brasserie in Palma de Mallorca betreibt, ist einen Besuch wert. Wer, wie wir, mit Freunden kommt, muss sich allerdings tischweise f\u00fcr eines der beiden Menus &#8211; 6-Gang-Degustations-Menu oder saisonales 4-Gang-Menu &#8211; entscheiden. Ein gutes Preis-Leistungs-Verh\u00e4ltnis bieten sie beide. 48 Euro kosten das Saison-Menu aus Gazpacho, Seehecht auf Sauce Meuniere mit Kaviar und gehobeltem Spargel, Glacierten Rindsb\u00e4ckchen und dem Cremoso von der Bitterschokoladen mit Mangosorbet, Bl\u00fcttenpollen und Basilikumgelee. Mit 33 Euro schl\u00e4gt die Weinbegleitung zu Buche, an der es nichts auszusetzen gibt, au\u00dfer dem Mangel an lokalen, mallorquinischen Weinen.<\/p>\n<p><a href=\"http:\/\/www.bonn-kocht.de\/wp-content\/uploads\/2012\/10\/Foch01.jpg\"><img decoding=\"async\" loading=\"lazy\" class=\"alignleft size-thumbnail wp-image-833\" title=\"Foch(0)\" src=\"http:\/\/www.bonn-kocht.de\/wp-content\/uploads\/2012\/10\/Foch01-150x150.jpg\" alt=\"\" width=\"150\" height=\"150\" \/><\/a>Ein sch\u00f6ner Abend mit einem munteren, mehrsprachigen Service, geschmackvollen pointillistischen Gem\u00e4lden auf dem Teller und einem Besuch in der zum Haus geh\u00f6renden Kunstgalerie im benachbarten Kreuzgang. Als kulinarisches Souvenir haben wir <a href=\"http:\/\/flordesaldestrenc.com\" target=\"_blank\">Flor de Sal d`Es Trenc <\/a>in den Geschmacksrichtungen Hibsicus und Mediterranea nach Hause getragen. Gemeinsam mit der geb\u00fcrtigen Schweizerin Katja W\u00f6hr, die nahe des sch\u00f6nen Naturstrands Es Trenc im s\u00fcdosten der Balearen-Insel Salzblumen sch\u00f6pft, hat Marc Fosh diese und einige weitere Kr\u00e4uter- und Gew\u00fcrzmischungen entwickelt.<\/p>\n","protected":false},"excerpt":{"rendered":"<p>Gerade noch haben wir gen\u00fc\u00dflich den L\u00f6ffel mit dem Schokoladen-Cremoso und dem Mangosorbet abgeleckt, uns noch mal den erfrischenden Geschmack der Gazpacho aus Tomaten (ganz normal) und Erdbeeren (ganz und gar nicht normal) mit der nicht minder spannenden Einlage aus &hellip; <a href=\"http:\/\/www.bonn-kocht.de\/?p=812\">Weiterlesen <span class=\"meta-nav\">&rarr;<\/span><\/a><\/p>\n","protected":false},"author":4,"featured_media":0,"comment_status":"open","ping_status":"open","sticky":false,"template":"","format":"standard","meta":{"_coblocks_attr":"","_coblocks_dimensions":"","_coblocks_responsive_height":"","_coblocks_accordion_ie_support":"","om_disable_all_campaigns":false,"_monsterinsights_skip_tracking":false,"_monsterinsights_sitenote_active":false,"_monsterinsights_sitenote_note":"","_monsterinsights_sitenote_category":0,"_s2mail":""},"categories":[10,8,11],"tags":[86,87,79,85,88,90,89],"aioseo_notices":[],"_links":{"self":[{"href":"http:\/\/www.bonn-kocht.de\/index.php?rest_route=\/wp\/v2\/posts\/812"}],"collection":[{"href":"http:\/\/www.bonn-kocht.de\/index.php?rest_route=\/wp\/v2\/posts"}],"about":[{"href":"http:\/\/www.bonn-kocht.de\/index.php?rest_route=\/wp\/v2\/types\/post"}],"author":[{"embeddable":true,"href":"http:\/\/www.bonn-kocht.de\/index.php?rest_route=\/wp\/v2\/users\/4"}],"replies":[{"embeddable":true,"href":"http:\/\/www.bonn-kocht.de\/index.php?rest_route=%2Fwp%2Fv2%2Fcomments&post=812"}],"version-history":[{"count":10,"href":"http:\/\/www.bonn-kocht.de\/index.php?rest_route=\/wp\/v2\/posts\/812\/revisions"}],"predecessor-version":[{"id":827,"href":"http:\/\/www.bonn-kocht.de\/index.php?rest_route=\/wp\/v2\/posts\/812\/revisions\/827"}],"wp:attachment":[{"href":"http:\/\/www.bonn-kocht.de\/index.php?rest_route=%2Fwp%2Fv2%2Fmedia&parent=812"}],"wp:term":[{"taxonomy":"category","embeddable":true,"href":"http:\/\/www.bonn-kocht.de\/index.php?rest_route=%2Fwp%2Fv2%2Fcategories&post=812"},{"taxonomy":"post_tag","embeddable":true,"href":"http:\/\/www.bonn-kocht.de\/index.php?rest_route=%2Fwp%2Fv2%2Ftags&post=812"}],"curies":[{"name":"wp","href":"https:\/\/api.w.org\/{rel}","templated":true}]}}