{"id":800,"date":"2013-01-25T08:09:50","date_gmt":"2013-01-25T08:09:50","guid":{"rendered":"http:\/\/www.bonn-kocht.de\/?p=800"},"modified":"2013-05-27T08:29:19","modified_gmt":"2013-05-27T08:29:19","slug":"rezept-rinderleber-mit-apfeln-und-zwiebeln","status":"publish","type":"post","link":"http:\/\/www.bonn-kocht.de\/?p=800","title":{"rendered":"Rezept: Rinderleber mit \u00c4pfeln und Zwiebeln"},"content":{"rendered":"<p><a href=\"http:\/\/www.bonn-kocht.de\/wp-content\/uploads\/2012\/10\/Leber.jpg\"><img decoding=\"async\" loading=\"lazy\" class=\"alignleft size-thumbnail wp-image-804\" title=\"Leber\" alt=\"\" src=\"http:\/\/www.bonn-kocht.de\/wp-content\/uploads\/2012\/10\/Leber-150x150.jpg\" width=\"150\" height=\"150\" \/><\/a>Leber polarisiert. Und zwar so sehr, dass sich bei einem Gruppenurlaub im Speisesaal sogar einmal zwei Gruppen gebildet haben. Die Nicht-Leber-Fraktion wollte mit den Leber-Essern rein gar nichts zu tun haben und zog sich mit Pizza vollkommen zur\u00fcck. So hat letztlich jedem sein Essen geschmeckt und man lernte an den Tischen auch mal neue Leute kennen. Es sei denn, die durchaus deftige Rinderleber mit \u00c4pfel und Zwiebeln hat einen nicht so sehr vereinnahmt, dass man genoss und schwieg.<!--more--><\/p>\n<pre>2 Scheiben Leber vom Rind\r\n2 Zwiebeln\r\n2 kleine \u00c4pfel\r\n\u00d6l\r\nButter\r\nMehl\r\nSalz\r\nPfeffer<\/pre>\n<p>Bei diesem Rezept kommt es gar nicht so sehr auf Mengenangaben an. Die Zwiebeln sch\u00e4len und in Ringe schneiden. Die \u00c4pfel sch\u00e4len und in Scheibchen schneiden. Beide getrennt in \u00d6l bzw. Butter schmoren, ruhig sp\u00e4ter noch einen Stich Butter hinzugeben. Die Leber (vom Rind oder Kalb) mit Mehl best\u00e4uben. Sie wird von jeder Seite rund drei Minuten angebraten, erst sp\u00e4ter mit Salz und Pfeffer gew\u00fcrzt. Auch hier darf, bevor sie aus der Pfanne kommt, gerne noch was Butter hinzu. Leber, \u00c4pfel und Zwiebel kommen nun auf den Teller. Dazu schmecken Kartoffelp\u00fcree und Salat. Das war\u2019s schon. Schmeckt es denn?<\/p>\n<p>\r\n<div class=\"ngg-galleryoverview\" id=\"ngg-gallery-11-800\">\r\n\r\n\t<!-- Slideshow link -->\r\n\t<div class=\"slideshowlink\">\r\n\t\t<a class=\"slideshowlink\" href=\"http:\/\/www.bonn-kocht.de\/?p=800&amp;show=slide\">\r\n\t\t\t[Show as slideshow]\t\t<\/a>\r\n\t<\/div>\r\n\r\n\t\r\n\t<!-- Thumbnails -->\r\n\t\t\r\n\t<div id=\"ngg-image-61\" class=\"ngg-gallery-thumbnail-box\"  >\r\n\t\t<div class=\"ngg-gallery-thumbnail\" >\r\n\t\t\t<a href=\"http:\/\/www.bonn-kocht.de\/wp-content\/gallery\/leber-rezept\/leber-1.jpg\" title=\" \" class=\"shutterset_set_11\" >\r\n\t\t\t\t\t\t\t\t<img title=\"leber-1\" alt=\"leber-1\" src=\"http:\/\/www.bonn-kocht.de\/wp-content\/gallery\/leber-rezept\/thumbs\/thumbs_leber-1.jpg\" width=\"100\" height=\"75\" \/>\r\n\t\t\t\t\t\t\t<\/a>\r\n\t\t<\/div>\r\n\t<\/div>\r\n\t\r\n\t\t\r\n \t\t\r\n\t<div id=\"ngg-image-62\" class=\"ngg-gallery-thumbnail-box\"  >\r\n\t\t<div class=\"ngg-gallery-thumbnail\" >\r\n\t\t\t<a href=\"http:\/\/www.bonn-kocht.de\/wp-content\/gallery\/leber-rezept\/leber-4.jpg\" title=\" \" class=\"shutterset_set_11\" >\r\n\t\t\t\t\t\t\t\t<img title=\"leber-4\" alt=\"leber-4\" src=\"http:\/\/www.bonn-kocht.de\/wp-content\/gallery\/leber-rezept\/thumbs\/thumbs_leber-4.jpg\" width=\"100\" height=\"75\" \/>\r\n\t\t\t\t\t\t\t<\/a>\r\n\t\t<\/div>\r\n\t<\/div>\r\n\t\r\n\t\t\r\n \t\t\r\n\t<div id=\"ngg-image-63\" class=\"ngg-gallery-thumbnail-box\"  >\r\n\t\t<div class=\"ngg-gallery-thumbnail\" >\r\n\t\t\t<a href=\"http:\/\/www.bonn-kocht.de\/wp-content\/gallery\/leber-rezept\/leber-7.jpg\" title=\" \" class=\"shutterset_set_11\" >\r\n\t\t\t\t\t\t\t\t<img title=\"leber-7\" alt=\"leber-7\" src=\"http:\/\/www.bonn-kocht.de\/wp-content\/gallery\/leber-rezept\/thumbs\/thumbs_leber-7.jpg\" width=\"100\" height=\"75\" \/>\r\n\t\t\t\t\t\t\t<\/a>\r\n\t\t<\/div>\r\n\t<\/div>\r\n\t\r\n\t\t\r\n \t\t\r\n\t<div id=\"ngg-image-64\" class=\"ngg-gallery-thumbnail-box\"  >\r\n\t\t<div class=\"ngg-gallery-thumbnail\" >\r\n\t\t\t<a href=\"http:\/\/www.bonn-kocht.de\/wp-content\/gallery\/leber-rezept\/leber-8.jpg\" title=\" \" class=\"shutterset_set_11\" >\r\n\t\t\t\t\t\t\t\t<img title=\"leber-8\" alt=\"leber-8\" src=\"http:\/\/www.bonn-kocht.de\/wp-content\/gallery\/leber-rezept\/thumbs\/thumbs_leber-8.jpg\" width=\"100\" height=\"75\" \/>\r\n\t\t\t\t\t\t\t<\/a>\r\n\t\t<\/div>\r\n\t<\/div>\r\n\t\r\n\t\t\r\n \t \t\r\n\t<!-- Pagination -->\r\n \t<div class='ngg-clear'><\/div>\n \t\r\n<\/div>\r\n\r\n<br \/>\n<em>Leberzubereitung in der Gro\u00dfk\u00fcche: Benedikt schneidet die Scheiben und schnibbelt nachher mit Richard Zwiebeln und \u00c4pfel &#8211; bis die Tr\u00e4nen nur so aus den Augen schie\u00dfen. Nachher kommt alles in die Pfanne.<\/em><\/p>\n","protected":false},"excerpt":{"rendered":"<p>Leber polarisiert. Und zwar so sehr, dass sich bei einem Gruppenurlaub im Speisesaal sogar einmal zwei Gruppen gebildet haben. Die Nicht-Leber-Fraktion wollte mit den Leber-Essern rein gar nichts zu tun haben und zog sich mit Pizza vollkommen zur\u00fcck. So hat &hellip; <a href=\"http:\/\/www.bonn-kocht.de\/?p=800\">Weiterlesen <span class=\"meta-nav\">&rarr;<\/span><\/a><\/p>\n","protected":false},"author":2,"featured_media":0,"comment_status":"open","ping_status":"open","sticky":false,"template":"","format":"standard","meta":{"_coblocks_attr":"","_coblocks_dimensions":"","_coblocks_responsive_height":"","_coblocks_accordion_ie_support":"","om_disable_all_campaigns":false,"_monsterinsights_skip_tracking":false,"_monsterinsights_sitenote_active":false,"_monsterinsights_sitenote_note":"","_monsterinsights_sitenote_category":0,"_s2mail":""},"categories":[49,47],"tags":[],"aioseo_notices":[],"_links":{"self":[{"href":"http:\/\/www.bonn-kocht.de\/index.php?rest_route=\/wp\/v2\/posts\/800"}],"collection":[{"href":"http:\/\/www.bonn-kocht.de\/index.php?rest_route=\/wp\/v2\/posts"}],"about":[{"href":"http:\/\/www.bonn-kocht.de\/index.php?rest_route=\/wp\/v2\/types\/post"}],"author":[{"embeddable":true,"href":"http:\/\/www.bonn-kocht.de\/index.php?rest_route=\/wp\/v2\/users\/2"}],"replies":[{"embeddable":true,"href":"http:\/\/www.bonn-kocht.de\/index.php?rest_route=%2Fwp%2Fv2%2Fcomments&post=800"}],"version-history":[{"count":20,"href":"http:\/\/www.bonn-kocht.de\/index.php?rest_route=\/wp\/v2\/posts\/800\/revisions"}],"predecessor-version":[{"id":1156,"href":"http:\/\/www.bonn-kocht.de\/index.php?rest_route=\/wp\/v2\/posts\/800\/revisions\/1156"}],"wp:attachment":[{"href":"http:\/\/www.bonn-kocht.de\/index.php?rest_route=%2Fwp%2Fv2%2Fmedia&parent=800"}],"wp:term":[{"taxonomy":"category","embeddable":true,"href":"http:\/\/www.bonn-kocht.de\/index.php?rest_route=%2Fwp%2Fv2%2Fcategories&post=800"},{"taxonomy":"post_tag","embeddable":true,"href":"http:\/\/www.bonn-kocht.de\/index.php?rest_route=%2Fwp%2Fv2%2Ftags&post=800"}],"curies":[{"name":"wp","href":"https:\/\/api.w.org\/{rel}","templated":true}]}}