{"id":787,"date":"2012-10-14T15:32:32","date_gmt":"2012-10-14T15:32:32","guid":{"rendered":"http:\/\/www.bonn-kocht.de\/?p=787"},"modified":"2012-10-15T08:01:31","modified_gmt":"2012-10-15T08:01:31","slug":"die-milch-machts","status":"publish","type":"post","link":"http:\/\/www.bonn-kocht.de\/?p=787","title":{"rendered":"Die Milch macht&#8217;s"},"content":{"rendered":"<div id=\"attachment_785\" style=\"width: 160px\" class=\"wp-caption alignleft\"><a href=\"http:\/\/www.bonn-kocht.de\/wp-content\/uploads\/2012\/10\/Marmelade-0.jpg\"><img aria-describedby=\"caption-attachment-785\" decoding=\"async\" loading=\"lazy\" class=\"size-thumbnail wp-image-785\" title=\"Marmelade (0)\" src=\"http:\/\/www.bonn-kocht.de\/wp-content\/uploads\/2012\/10\/Marmelade-0-150x150.jpg\" alt=\"\" width=\"150\" height=\"150\" srcset=\"http:\/\/www.bonn-kocht.de\/wp-content\/uploads\/2012\/10\/Marmelade-0-150x150.jpg 150w, http:\/\/www.bonn-kocht.de\/wp-content\/uploads\/2012\/10\/Marmelade-0-300x300.jpg 300w, http:\/\/www.bonn-kocht.de\/wp-content\/uploads\/2012\/10\/Marmelade-0.jpg 800w\" sizes=\"(max-width: 150px) 100vw, 150px\" \/><\/a><p id=\"caption-attachment-785\" class=\"wp-caption-text\">Etikett mit Milch: das klebt.<\/p><\/div>\n<p>Marmelade herstellen oder Obst einkochen \u2013 das ist das eine. Doch nachher m\u00fcssen auf die vielen Gl\u00e4ser auch noch Etiketten drauf. Es ist allerdings nicht n\u00f6tig, daf\u00fcr selbstklebende Abziehetiketten zu kaufen. Es gibt einen anderen Trick, der ganz ohne Tesafilm funktioniert.<\/p>\n<p><!--more-->Einmachen auf dem <a href=\"http:\/\/www.ferienhof-frohne.de\/\" target=\"_blank\">Ferienhof Frohne<\/a>: In Merzen, in der N\u00e4he von Osnabr\u00fcck, wird das Obst gleich kiloweise verarbeitet. \u00c4pfel, Birnen, Erdbeeren oder Gurken, alles kommt ins Glas.<\/p>\n<p>Wer sich besondere M\u00fche macht, kann seine Schildchen am PC gestalten. Bilder passend zu den Fr\u00fcchten sehen sch\u00f6n aus. Ausschneiden, beschriften \u2013 fertig. Nun m\u00fcsst Ihr die Etiketten auf der R\u00fcckseite nur noch mit Milch benetzen. Am einfachsten geht es, sie kurz \u00fcber die Oberfl\u00e4che der Milch in einem flachen Teller zu ziehen. Dann direkt auf die Marmeladengl\u00e4ser legen und mit einem Tuch kurz festtupfen. Vorsicht bei Tintenstrahldruckern, dass der Aufdruck nicht verschmiert. Wer will, kann so auch seine Tee- oder Gew\u00fcrzdosen beschriften.<\/p>\n<p><a href=\"http:\/\/www.bonn-kocht.de\/wp-content\/uploads\/2012\/10\/Marmelade-1.jpg\"><img decoding=\"async\" loading=\"lazy\" class=\"alignleft size-thumbnail wp-image-786\" title=\"Marmelade (1)\" src=\"http:\/\/www.bonn-kocht.de\/wp-content\/uploads\/2012\/10\/Marmelade-1-150x150.jpg\" alt=\"\" width=\"150\" height=\"150\" srcset=\"http:\/\/www.bonn-kocht.de\/wp-content\/uploads\/2012\/10\/Marmelade-1-150x150.jpg 150w, http:\/\/www.bonn-kocht.de\/wp-content\/uploads\/2012\/10\/Marmelade-1-300x300.jpg 300w, http:\/\/www.bonn-kocht.de\/wp-content\/uploads\/2012\/10\/Marmelade-1.jpg 800w\" sizes=\"(max-width: 150px) 100vw, 150px\" \/><\/a>Hier sind noch ein paar Links zu sch\u00f6nen Etiketten:<br \/>\n<a href=\"http:\/\/www.koelner-zucker.de\/etiketten.php\" target=\"_blank\">K\u00f6lner Zucker<\/a><br \/>\n<a href=\"http:\/\/www.kikisweb.de\/ausdrucken\/etiketten\/etiketten.htm\" target=\"_blank\">Kikis Web<br \/>\n<\/a><a href=\"http:\/\/etikettentante.oyla5.de\/cgi-bin\/hpm_homepage.cgi\" target=\"_blank\">Etikettentante<br \/>\n<\/a><a href=\"http:\/\/etikety-na-korenky.kvalitne.cz\/gewurzetiketten.pdf\" target=\"_blank\">Gew\u00fcrze<\/a><\/p>\n","protected":false},"excerpt":{"rendered":"<p>Marmelade herstellen oder Obst einkochen \u2013 das ist das eine. Doch nachher m\u00fcssen auf die vielen Gl\u00e4ser auch noch Etiketten drauf. Es ist allerdings nicht n\u00f6tig, daf\u00fcr selbstklebende Abziehetiketten zu kaufen. Es gibt einen anderen Trick, der ganz ohne Tesafilm &hellip; <a href=\"http:\/\/www.bonn-kocht.de\/?p=787\">Weiterlesen <span class=\"meta-nav\">&rarr;<\/span><\/a><\/p>\n","protected":false},"author":2,"featured_media":0,"comment_status":"open","ping_status":"open","sticky":false,"template":"","format":"standard","meta":{"_coblocks_attr":"","_coblocks_dimensions":"","_coblocks_responsive_height":"","_coblocks_accordion_ie_support":"","om_disable_all_campaigns":false,"_monsterinsights_skip_tracking":false,"_monsterinsights_sitenote_active":false,"_monsterinsights_sitenote_note":"","_monsterinsights_sitenote_category":0,"_s2mail":""},"categories":[8],"tags":[78],"aioseo_notices":[],"_links":{"self":[{"href":"http:\/\/www.bonn-kocht.de\/index.php?rest_route=\/wp\/v2\/posts\/787"}],"collection":[{"href":"http:\/\/www.bonn-kocht.de\/index.php?rest_route=\/wp\/v2\/posts"}],"about":[{"href":"http:\/\/www.bonn-kocht.de\/index.php?rest_route=\/wp\/v2\/types\/post"}],"author":[{"embeddable":true,"href":"http:\/\/www.bonn-kocht.de\/index.php?rest_route=\/wp\/v2\/users\/2"}],"replies":[{"embeddable":true,"href":"http:\/\/www.bonn-kocht.de\/index.php?rest_route=%2Fwp%2Fv2%2Fcomments&post=787"}],"version-history":[{"count":10,"href":"http:\/\/www.bonn-kocht.de\/index.php?rest_route=\/wp\/v2\/posts\/787\/revisions"}],"predecessor-version":[{"id":797,"href":"http:\/\/www.bonn-kocht.de\/index.php?rest_route=\/wp\/v2\/posts\/787\/revisions\/797"}],"wp:attachment":[{"href":"http:\/\/www.bonn-kocht.de\/index.php?rest_route=%2Fwp%2Fv2%2Fmedia&parent=787"}],"wp:term":[{"taxonomy":"category","embeddable":true,"href":"http:\/\/www.bonn-kocht.de\/index.php?rest_route=%2Fwp%2Fv2%2Fcategories&post=787"},{"taxonomy":"post_tag","embeddable":true,"href":"http:\/\/www.bonn-kocht.de\/index.php?rest_route=%2Fwp%2Fv2%2Ftags&post=787"}],"curies":[{"name":"wp","href":"https:\/\/api.w.org\/{rel}","templated":true}]}}