{"id":527,"date":"2012-06-03T20:39:51","date_gmt":"2012-06-03T20:39:51","guid":{"rendered":"http:\/\/www.bonn-kocht.de\/?p=527"},"modified":"2012-06-03T20:53:27","modified_gmt":"2012-06-03T20:53:27","slug":"vom-rheinsteig-zum-weisen-flugel","status":"publish","type":"post","link":"http:\/\/www.bonn-kocht.de\/?p=527","title":{"rendered":"Vom Rheinsteig zum wei\u00dfen Fl\u00fcgel"},"content":{"rendered":"<div id=\"attachment_530\" style=\"width: 160px\" class=\"wp-caption alignleft\"><a href=\"http:\/\/www.bonn-kocht.de\/wp-content\/uploads\/2012\/06\/menzenberg-3.jpg\"><img aria-describedby=\"caption-attachment-530\" decoding=\"async\" loading=\"lazy\" class=\"size-thumbnail wp-image-530\" title=\"menzenberg (3)\" src=\"http:\/\/www.bonn-kocht.de\/wp-content\/uploads\/2012\/06\/menzenberg-3-150x150.jpg\" alt=\"\" width=\"150\" height=\"150\" \/><\/a><p id=\"caption-attachment-530\" class=\"wp-caption-text\">Weingut Menzenberg in Bad Honnef<\/p><\/div>\n<p>Brahms, Schumann und der Bonner Altphilologe Karl Simrock waren fr\u00fcher schon da, die Wanderer auf dem Rheinsteig sind es heute \u2013 auf dem Menzenberg in Bad Honnef. Im ehemaligen Weingut, das denselben Namen tr\u00e4gt, machen sie Rast. Zeit sollte man mitbringen, denn wer einmal essen geht in dem klassisch aufbereiteten und dabei hell modernen Gastraum, muss die Hektik des Alltags drau\u00dfen lassen. Wenn auch niemand am Abend den wei\u00dfen Fl\u00fcgel spielt, so l\u00e4uft beruhigend ruhige Musik \u00fcber die Anlage. Am liebsten w\u00fcrde man die Stufen auf s Podest der ersten Etage hochsteigen, um dort in einem der B\u00fccher aus dem Regal zu lesen.<!--more--><\/p>\n<p>Nur, um es nicht zu vergessen: Im Sommer, bei sch\u00f6nem Wetter sitzen alle drau\u00dfen vor der Terrasse auf der Wiese des Gartens, die Kinder nehmen Schaukel oder Wippe in Beschlag. Der trockene Hausriesling f\u00fcr 4,70 Euro pro Viertel schmeckt schon klasse. Geboten werden sonst Weine aus ganz Deutschland, aber auch Italien \u2013 auch zum Verkauf oder bei Probenabenden.<\/p>\n<p>Die Essensarte beginnt bei Hausmannskost wie N\u00fcrnberger W\u00fcrstchen oder Wiener mit Fritten, geht dann aber weiter \u00fcber viele Salatvariationen, Garnelen mit Knoblauch, S\u00fcppchen hin zu Bandnudeln mit Lachs oder frischen Pilzen, serviert mit gr\u00fcnem Salat. Die Familie M\u00f6ltgen kocht auch gerne mal Zander, das Wiener Schnitzel kommt nach Wunsch vom Kalb oder Schwein. F\u00fcr die Kinder gibt es die meisten Speisen auch in klein.<\/p>\n<p>Das Weingut Menzenberg bietet sich daf\u00fcr an, das Wochenende am Sonntagabend in herrlichem Ambiente und ruhig ausklingen zu lassen. Es mag etwas ab vom Schuss liegen, aber das sollte doch kein Hindernis sein.<\/p>\n<p>\r\n<div class=\"ngg-galleryoverview\" id=\"ngg-gallery-3-527\">\r\n\r\n\t<!-- Slideshow link -->\r\n\t<div class=\"slideshowlink\">\r\n\t\t<a class=\"slideshowlink\" href=\"http:\/\/www.bonn-kocht.de\/?p=527&amp;show=slide\">\r\n\t\t\t[Show as slideshow]\t\t<\/a>\r\n\t<\/div>\r\n\r\n\t\r\n\t<!-- Thumbnails -->\r\n\t\t\r\n\t<div id=\"ngg-image-27\" class=\"ngg-gallery-thumbnail-box\"  >\r\n\t\t<div class=\"ngg-gallery-thumbnail\" >\r\n\t\t\t<a href=\"http:\/\/www.bonn-kocht.de\/wp-content\/gallery\/menzenberg\/menzenberg-0.jpg\" title=\" \" class=\"shutterset_set_3\" >\r\n\t\t\t\t\t\t\t\t<img title=\"menzenberg-0\" alt=\"menzenberg-0\" src=\"http:\/\/www.bonn-kocht.de\/wp-content\/gallery\/menzenberg\/thumbs\/thumbs_menzenberg-0.jpg\" width=\"100\" height=\"75\" \/>\r\n\t\t\t\t\t\t\t<\/a>\r\n\t\t<\/div>\r\n\t<\/div>\r\n\t\r\n\t\t\r\n \t\t\r\n\t<div id=\"ngg-image-28\" class=\"ngg-gallery-thumbnail-box\"  >\r\n\t\t<div class=\"ngg-gallery-thumbnail\" >\r\n\t\t\t<a href=\"http:\/\/www.bonn-kocht.de\/wp-content\/gallery\/menzenberg\/menzenberg-2.jpg\" title=\" \" class=\"shutterset_set_3\" >\r\n\t\t\t\t\t\t\t\t<img title=\"menzenberg-2\" alt=\"menzenberg-2\" src=\"http:\/\/www.bonn-kocht.de\/wp-content\/gallery\/menzenberg\/thumbs\/thumbs_menzenberg-2.jpg\" width=\"100\" height=\"75\" \/>\r\n\t\t\t\t\t\t\t<\/a>\r\n\t\t<\/div>\r\n\t<\/div>\r\n\t\r\n\t\t\r\n \t\t\r\n\t<div id=\"ngg-image-29\" class=\"ngg-gallery-thumbnail-box\"  >\r\n\t\t<div class=\"ngg-gallery-thumbnail\" >\r\n\t\t\t<a href=\"http:\/\/www.bonn-kocht.de\/wp-content\/gallery\/menzenberg\/menzenberg-4.jpg\" title=\" \" class=\"shutterset_set_3\" >\r\n\t\t\t\t\t\t\t\t<img title=\"menzenberg-4\" alt=\"menzenberg-4\" src=\"http:\/\/www.bonn-kocht.de\/wp-content\/gallery\/menzenberg\/thumbs\/thumbs_menzenberg-4.jpg\" width=\"100\" height=\"75\" \/>\r\n\t\t\t\t\t\t\t<\/a>\r\n\t\t<\/div>\r\n\t<\/div>\r\n\t\r\n\t\t\r\n \t\t\r\n\t<div id=\"ngg-image-30\" class=\"ngg-gallery-thumbnail-box\"  >\r\n\t\t<div class=\"ngg-gallery-thumbnail\" >\r\n\t\t\t<a href=\"http:\/\/www.bonn-kocht.de\/wp-content\/gallery\/menzenberg\/menzenberg-5.jpg\" title=\" \" class=\"shutterset_set_3\" >\r\n\t\t\t\t\t\t\t\t<img title=\"menzenberg-5\" alt=\"menzenberg-5\" src=\"http:\/\/www.bonn-kocht.de\/wp-content\/gallery\/menzenberg\/thumbs\/thumbs_menzenberg-5.jpg\" width=\"100\" height=\"75\" \/>\r\n\t\t\t\t\t\t\t<\/a>\r\n\t\t<\/div>\r\n\t<\/div>\r\n\t\r\n\t\t\r\n \t \t\r\n\t<!-- Pagination -->\r\n \t<div class='ngg-clear'><\/div>\n \t\r\n<\/div>\r\n\r\n<br \/>\n<em>Die Fotos zeigen das Innere des Weinguts. Die Gerichte: Tagliatelle mit Lachs oder Pilzen.<\/em><\/p>\n<p>Weingut Menzenberg, Menzenberg 12, 53604 Bad Honnef<br \/>\n<a href=\"http:\/\/www.weingut-menzenberg.de\" target=\"_blank\">www.weingut-menzenberg.de<\/a><\/p>\n<p><strong><br \/>\n<\/strong><\/p>\n","protected":false},"excerpt":{"rendered":"<p>Brahms, Schumann und der Bonner Altphilologe Karl Simrock waren fr\u00fcher schon da, die Wanderer auf dem Rheinsteig sind es heute \u2013 auf dem Menzenberg in Bad Honnef. Im ehemaligen Weingut, das denselben Namen tr\u00e4gt, machen sie Rast. Zeit sollte man &hellip; <a href=\"http:\/\/www.bonn-kocht.de\/?p=527\">Weiterlesen <span class=\"meta-nav\">&rarr;<\/span><\/a><\/p>\n","protected":false},"author":2,"featured_media":0,"comment_status":"open","ping_status":"open","sticky":false,"template":"","format":"standard","meta":{"_coblocks_attr":"","_coblocks_dimensions":"","_coblocks_responsive_height":"","_coblocks_accordion_ie_support":"","om_disable_all_campaigns":false,"_monsterinsights_skip_tracking":false,"_monsterinsights_sitenote_active":false,"_monsterinsights_sitenote_note":"","_monsterinsights_sitenote_category":0,"_s2mail":""},"categories":[1,10],"tags":[25,27],"aioseo_notices":[],"_links":{"self":[{"href":"http:\/\/www.bonn-kocht.de\/index.php?rest_route=\/wp\/v2\/posts\/527"}],"collection":[{"href":"http:\/\/www.bonn-kocht.de\/index.php?rest_route=\/wp\/v2\/posts"}],"about":[{"href":"http:\/\/www.bonn-kocht.de\/index.php?rest_route=\/wp\/v2\/types\/post"}],"author":[{"embeddable":true,"href":"http:\/\/www.bonn-kocht.de\/index.php?rest_route=\/wp\/v2\/users\/2"}],"replies":[{"embeddable":true,"href":"http:\/\/www.bonn-kocht.de\/index.php?rest_route=%2Fwp%2Fv2%2Fcomments&post=527"}],"version-history":[{"count":10,"href":"http:\/\/www.bonn-kocht.de\/index.php?rest_route=\/wp\/v2\/posts\/527\/revisions"}],"predecessor-version":[{"id":533,"href":"http:\/\/www.bonn-kocht.de\/index.php?rest_route=\/wp\/v2\/posts\/527\/revisions\/533"}],"wp:attachment":[{"href":"http:\/\/www.bonn-kocht.de\/index.php?rest_route=%2Fwp%2Fv2%2Fmedia&parent=527"}],"wp:term":[{"taxonomy":"category","embeddable":true,"href":"http:\/\/www.bonn-kocht.de\/index.php?rest_route=%2Fwp%2Fv2%2Fcategories&post=527"},{"taxonomy":"post_tag","embeddable":true,"href":"http:\/\/www.bonn-kocht.de\/index.php?rest_route=%2Fwp%2Fv2%2Ftags&post=527"}],"curies":[{"name":"wp","href":"https:\/\/api.w.org\/{rel}","templated":true}]}}