{"id":400,"date":"2012-05-14T21:26:11","date_gmt":"2012-05-14T21:26:11","guid":{"rendered":"http:\/\/www.bonn-kocht.de\/?p=400"},"modified":"2012-05-21T20:04:21","modified_gmt":"2012-05-21T20:04:21","slug":"fruhling-im-glas","status":"publish","type":"post","link":"http:\/\/www.bonn-kocht.de\/?p=400","title":{"rendered":"Fr\u00fchling im Glas"},"content":{"rendered":"<div id=\"attachment_401\" style=\"width: 160px\" class=\"wp-caption alignleft\"><a href=\"http:\/\/www.bonn-kocht.de\/wp-content\/uploads\/2012\/05\/Wassmer.jpg\"><img aria-describedby=\"caption-attachment-401\" decoding=\"async\" loading=\"lazy\" class=\" wp-image-401 \" title=\"Wassmer\" src=\"http:\/\/www.bonn-kocht.de\/wp-content\/uploads\/2012\/05\/Wassmer.jpg\" alt=\"\" width=\"150\" height=\"800\" \/><\/a><p id=\"caption-attachment-401\" class=\"wp-caption-text\">Sauvignon Blanc von Wa\u00dfmer<\/p><\/div>\n<p>Nicht nur Spargel gibt es im Markgr\u00e4ferland im Fr\u00fchling in H\u00fclle und F\u00fclle. Auch der Wein aus dieser von der Sonne verw\u00f6hnten Gegend kann sich schmecken lassen. Wie der Sauvignon Blanc von Martin Wa\u00dfmer. Auch wenn das <a href=\"http:\/\/www.weingut-wassmer.de\/\">Weingut<\/a> Am Sportplatz 3 im Bad Krozinger Ortsteil Schlatt wenig mit den romantischen Geh\u00f6ften am nahen Kaiserstuhl gemein hat.<!--more--><\/p>\n<p>Die Kunden rollen mit ihren Autos auf den Hof, um in der gro\u00dfen Halle frisch gestochenen Spargel f\u00fcr zu Hause mit zu nehmen. Neben Obst, Gem\u00fcse, Kartoffeln, Metzgerschinken und Bauernbrot scheint der Wein fast ein Nischendasein zu f\u00fchren. Dabei haben sich Wa\u00dfmers Weine l\u00e4ngst einen Namen gemacht, stehen nicht nur in den guten Gasth\u00f6fen der Umgebung auf der Karte, sondern werden auch in den einschl\u00e4gigen Weinf\u00fchrern wie Gault Millau, Eichelmann oder im Feinschmecker lobend erw\u00e4hnt. Jenseits von Sp\u00e4tburgunder oder dem in der Region so typischen Gutedel, Wei\u00df- oder Grauburgunder hat es uns aber besonders der Sauvignon blanc angetan.<\/p>\n","protected":false},"excerpt":{"rendered":"<p>Nicht nur Spargel gibt es im Markgr\u00e4ferland im Fr\u00fchling in H\u00fclle und F\u00fclle. Auch der Wein aus dieser von der Sonne verw\u00f6hnten Gegend kann sich schmecken lassen. Wie der Sauvignon Blanc von Martin Wa\u00dfmer. Auch wenn das Weingut Am Sportplatz &hellip; <a href=\"http:\/\/www.bonn-kocht.de\/?p=400\">Weiterlesen <span class=\"meta-nav\">&rarr;<\/span><\/a><\/p>\n","protected":false},"author":4,"featured_media":0,"comment_status":"open","ping_status":"open","sticky":false,"template":"","format":"standard","meta":{"_coblocks_attr":"","_coblocks_dimensions":"","_coblocks_responsive_height":"","_coblocks_accordion_ie_support":"","om_disable_all_campaigns":false,"_monsterinsights_skip_tracking":false,"_monsterinsights_sitenote_active":false,"_monsterinsights_sitenote_note":"","_monsterinsights_sitenote_category":0,"_s2mail":""},"categories":[1,9,11],"tags":[42,41,43,40,25],"aioseo_notices":[],"_links":{"self":[{"href":"http:\/\/www.bonn-kocht.de\/index.php?rest_route=\/wp\/v2\/posts\/400"}],"collection":[{"href":"http:\/\/www.bonn-kocht.de\/index.php?rest_route=\/wp\/v2\/posts"}],"about":[{"href":"http:\/\/www.bonn-kocht.de\/index.php?rest_route=\/wp\/v2\/types\/post"}],"author":[{"embeddable":true,"href":"http:\/\/www.bonn-kocht.de\/index.php?rest_route=\/wp\/v2\/users\/4"}],"replies":[{"embeddable":true,"href":"http:\/\/www.bonn-kocht.de\/index.php?rest_route=%2Fwp%2Fv2%2Fcomments&post=400"}],"version-history":[{"count":5,"href":"http:\/\/www.bonn-kocht.de\/index.php?rest_route=\/wp\/v2\/posts\/400\/revisions"}],"predecessor-version":[{"id":404,"href":"http:\/\/www.bonn-kocht.de\/index.php?rest_route=\/wp\/v2\/posts\/400\/revisions\/404"}],"wp:attachment":[{"href":"http:\/\/www.bonn-kocht.de\/index.php?rest_route=%2Fwp%2Fv2%2Fmedia&parent=400"}],"wp:term":[{"taxonomy":"category","embeddable":true,"href":"http:\/\/www.bonn-kocht.de\/index.php?rest_route=%2Fwp%2Fv2%2Fcategories&post=400"},{"taxonomy":"post_tag","embeddable":true,"href":"http:\/\/www.bonn-kocht.de\/index.php?rest_route=%2Fwp%2Fv2%2Ftags&post=400"}],"curies":[{"name":"wp","href":"https:\/\/api.w.org\/{rel}","templated":true}]}}