{"id":353,"date":"2012-05-07T21:05:53","date_gmt":"2012-05-07T21:05:53","guid":{"rendered":"http:\/\/www.bonn-kocht.de\/?p=353"},"modified":"2012-06-19T06:58:15","modified_gmt":"2012-06-19T06:58:15","slug":"fruhlingsgefuhle-im-schwarzwald","status":"publish","type":"post","link":"http:\/\/www.bonn-kocht.de\/?p=353","title":{"rendered":"Fr\u00fchlingsgef\u00fchle im Schwarzwald"},"content":{"rendered":"<div id=\"attachment_393\" style=\"width: 160px\" class=\"wp-caption alignleft\"><a href=\"http:\/\/www.bonn-kocht.de\/wp-content\/uploads\/2012\/05\/Spielweg.jpg\"><img aria-describedby=\"caption-attachment-393\" decoding=\"async\" loading=\"lazy\" class=\"size-thumbnail wp-image-393\" title=\"Spielweg\" src=\"http:\/\/www.bonn-kocht.de\/wp-content\/uploads\/2012\/05\/Spielweg-150x150.jpg\" alt=\"\" width=\"150\" height=\"150\" \/><\/a><p id=\"caption-attachment-393\" class=\"wp-caption-text\">Gasthaus mit Tradition.<\/p><\/div>\n<p>Hell- bis dunkelgr\u00fcn, sonnig und verziert mit bl\u00fchenden Obstb\u00e4umen: Wer im Fr\u00fchling in den s\u00fcdlichen Schwarzwald und ins Markgr\u00e4fler Land f\u00e4hrt, landet keineswegs im finsteren Tannenwald. Fast schon sommerlich warm kann es Ende April im M\u00fcnstertal sein. Ein Paradies f\u00fcr Wanderer und Mountainbiker. Und das wird f\u00fcr den Reisenden komplett, der im <a href=\"http:\/\/www.spielweg.com\/\" target=\"_blank\">Romantikhotel Spielweg<\/a> eincheckt.<!--more--><\/p>\n<p>Kein schlechtes Zeichen, wenn schon gleich nach der Ankunft der Chefkoch der Zeitschrift <a href=\"http:\/\/www.essen-und-trinken.de\/\" target=\"_blank\">essen &amp; trinken<\/a> am Nachbartisch sitzt. Dass Achim Ellmer und seinem Fotografen ein k\u00fchles Weizen nach der Motorradtour \u00fcber die kurvigen Stra\u00dfen eigentlich besser schmeckt, als der schnell entkorkte Wei\u00dfwein, zeigt sich direkt nach dem Fotoshooting. Mal sehen, was dann in ein paar Wochen in der Zeitschrift zu sehen sein wird. Sicher nicht das k\u00fchle Helle.<\/p>\n<div id=\"attachment_397\" style=\"width: 310px\" class=\"wp-caption alignleft\"><a href=\"http:\/\/www.bonn-kocht.de\/wp-content\/uploads\/2012\/05\/Spielweg2.jpg\"><img aria-describedby=\"caption-attachment-397\" decoding=\"async\" loading=\"lazy\" class=\"size-medium wp-image-397\" title=\"Spielweg2\" src=\"http:\/\/www.bonn-kocht.de\/wp-content\/uploads\/2012\/05\/Spielweg2-300x225.jpg\" alt=\"\" width=\"300\" height=\"225\" srcset=\"http:\/\/www.bonn-kocht.de\/wp-content\/uploads\/2012\/05\/Spielweg2-300x225.jpg 300w, http:\/\/www.bonn-kocht.de\/wp-content\/uploads\/2012\/05\/Spielweg2-400x300.jpg 400w, http:\/\/www.bonn-kocht.de\/wp-content\/uploads\/2012\/05\/Spielweg2.jpg 800w\" sizes=\"(max-width: 300px) 100vw, 300px\" \/><\/a><p id=\"caption-attachment-397\" class=\"wp-caption-text\">Salat mit hausgemachtem K\u00e4se<\/p><\/div>\n<p>Daf\u00fcr eine Auswahl der K\u00f6stlichkeiten, die Inhaber und Chefkoch Karl-Josef Fuchs mit seiner Brigade auf den Tisch zaubert. Der ist schon im Fr\u00fchjahr auf der Terrasse entlang des beh\u00e4bigen Stammhauses gedeckt. Oder in den stimmungsvollen Stuben des Gasthofs, dessen Tradition bis ins Jahr 1861 zur\u00fcckreicht und in f\u00fcnfter Generation von der Familie Fuchs gef\u00fchrt wird. Badischer Spargel mit Kratzete, wie die zerrupften Pfannkuchen genannt werden, Sauerbraten vom Wildschwein, das der Chef, ein passionierter J\u00e4ger, im Zweifel selbst geschossen hat, Schokotarte mit Ananaschutney und wei\u00dfem Pfirsicheis oder Molkenziger aus der eigenen K\u00e4serei, die G\u00e4ste leben wie Gott im Schwarzwald. Dazu tr\u00e4gt auch das Fr\u00fchst\u00fcck mit k\u00f6stlichem Krabbensalat, R\u00fcblitorte, Schwarzw\u00e4lder Schinken und Oberm\u00fcnstertaler K\u00e4se bei.<\/p>\n<p>Anders als in vielen anderen Hotels muss hier auch im Sektk\u00fchler auf dem Fr\u00fchst\u00fccksbuffet mehrfach nachgelegt werden. Was Sabine Fuchs und ihr Serviceteam gerne tun. Gemeinsam sorgen sie daf\u00fcr, dass es allen G\u00e4sten gut geht, sich alle entspannt und ungezwungen f\u00fchlen. Wer will, stiefelt mit einem Tablett auf die Terrasse vors Haus und fr\u00fchst\u00fcckt in der Morgensonne und sieht auf dem gegen\u00fcberliegenden Hang den Schafe bei ihrer Morgenmahlzeit zu.<\/p>\n<p>Nach Radtour oder Wanderung warten Sauna, Hallenbad &#8211; oder f\u00fcr Mutig das auf der Wiese zum Bach gelegenen Freibad. Auf der Liegewiese l\u00e4sst sich nach anstrengenden Touren Richtung Schauinsland, einem Abstecher zum nahegelegenen Ausflugsgasthaus <a href=\"http:\/\/www.muenstertal-staufen.de\" target=\"_blank\">Kohlerhof<\/a> mit atemberaubendem Fernblick ins nahe Elsass oder einem Spaziergang auf dem Talweg zum Kloster <a href=\"http:\/\/www.kloster-st-trudpert.de\/index.html\" target=\"_blank\">Sankt Trudpert <\/a>auch prima ein Nickerchen einschieben. Vorausgesetzt, man ist nicht ger\u00e4uschempfindlich. Denn der Neumagen rauscht vernehmlich. Murmeln ist anders. Aber auch das ist kein Grund zu klagen, allenfalls der gew\u00f6hnungsbed\u00fcrftige Name des Baches.<\/p>\n","protected":false},"excerpt":{"rendered":"<p>Hell- bis dunkelgr\u00fcn, sonnig und verziert mit bl\u00fchenden Obstb\u00e4umen: Wer im Fr\u00fchling in den s\u00fcdlichen Schwarzwald und ins Markgr\u00e4fler Land f\u00e4hrt, landet keineswegs im finsteren Tannenwald. Fast schon sommerlich warm kann es Ende April im M\u00fcnstertal sein. Ein Paradies f\u00fcr &hellip; <a href=\"http:\/\/www.bonn-kocht.de\/?p=353\">Weiterlesen <span class=\"meta-nav\">&rarr;<\/span><\/a><\/p>\n","protected":false},"author":4,"featured_media":0,"comment_status":"open","ping_status":"open","sticky":false,"template":"","format":"standard","meta":{"_coblocks_attr":"","_coblocks_dimensions":"","_coblocks_responsive_height":"","_coblocks_accordion_ie_support":"","om_disable_all_campaigns":false,"_monsterinsights_skip_tracking":false,"_monsterinsights_sitenote_active":false,"_monsterinsights_sitenote_note":"","_monsterinsights_sitenote_category":0,"_s2mail":""},"categories":[1,8,11],"tags":[37,38,35,36],"aioseo_notices":[],"_links":{"self":[{"href":"http:\/\/www.bonn-kocht.de\/index.php?rest_route=\/wp\/v2\/posts\/353"}],"collection":[{"href":"http:\/\/www.bonn-kocht.de\/index.php?rest_route=\/wp\/v2\/posts"}],"about":[{"href":"http:\/\/www.bonn-kocht.de\/index.php?rest_route=\/wp\/v2\/types\/post"}],"author":[{"embeddable":true,"href":"http:\/\/www.bonn-kocht.de\/index.php?rest_route=\/wp\/v2\/users\/4"}],"replies":[{"embeddable":true,"href":"http:\/\/www.bonn-kocht.de\/index.php?rest_route=%2Fwp%2Fv2%2Fcomments&post=353"}],"version-history":[{"count":16,"href":"http:\/\/www.bonn-kocht.de\/index.php?rest_route=\/wp\/v2\/posts\/353\/revisions"}],"predecessor-version":[{"id":564,"href":"http:\/\/www.bonn-kocht.de\/index.php?rest_route=\/wp\/v2\/posts\/353\/revisions\/564"}],"wp:attachment":[{"href":"http:\/\/www.bonn-kocht.de\/index.php?rest_route=%2Fwp%2Fv2%2Fmedia&parent=353"}],"wp:term":[{"taxonomy":"category","embeddable":true,"href":"http:\/\/www.bonn-kocht.de\/index.php?rest_route=%2Fwp%2Fv2%2Fcategories&post=353"},{"taxonomy":"post_tag","embeddable":true,"href":"http:\/\/www.bonn-kocht.de\/index.php?rest_route=%2Fwp%2Fv2%2Ftags&post=353"}],"curies":[{"name":"wp","href":"https:\/\/api.w.org\/{rel}","templated":true}]}}