{"id":337,"date":"2012-05-02T06:18:32","date_gmt":"2012-05-02T06:18:32","guid":{"rendered":"http:\/\/www.bonn-kocht.de\/?p=337"},"modified":"2012-05-02T06:19:34","modified_gmt":"2012-05-02T06:19:34","slug":"abends-%c2%b4ne-currywurst","status":"publish","type":"post","link":"http:\/\/www.bonn-kocht.de\/?p=337","title":{"rendered":"Abends \u00b4ne Currywurst"},"content":{"rendered":"<div id=\"attachment_338\" style=\"width: 160px\" class=\"wp-caption alignleft\"><a href=\"http:\/\/www.bonn-kocht.de\/wp-content\/uploads\/2012\/05\/Currywurst.jpg\"><img aria-describedby=\"caption-attachment-338\" decoding=\"async\" loading=\"lazy\" class=\"size-thumbnail wp-image-338\" title=\"Currywurst\" src=\"http:\/\/www.bonn-kocht.de\/wp-content\/uploads\/2012\/05\/Currywurst-150x150.jpg\" alt=\"\" width=\"150\" height=\"150\" \/><\/a><p id=\"caption-attachment-338\" class=\"wp-caption-text\">Pappteller, Holzspicker - und dazu die Wurst.<\/p><\/div>\n<p>So, die Heizung ist seit heute auf Sommerbetrieb umgestellt. Es macht schon Spa\u00df, abends wieder drau\u00dfen sitzen zu k\u00f6nnen. Wie letztens auf einer Geburtstagsparty.<!--more-->.Und wirklich: Es muss nicht immer Schichtsalat und K\u00e4sew\u00fcrfel geben. Auch ein schon l\u00e4nger nicht mehr gesehener Mettigel ist da nicht aufs Buffet geschlichen. Stattdessen gab\u2019s drau\u00dfen Grillw\u00fcrstchen mit frischen Pommes aus der Fritteuse, dazu Currysauce in Varianten. Ein kaltes Pils vom Fa\u00df dazu \u2013 bestens. Was w\u00e4re denn noch ein sch\u00f6nes Motto f\u00fcr die n\u00e4chste Sommerparty? Kommentiert gerne mit Euren Ideen und Tipps.<\/p>\n","protected":false},"excerpt":{"rendered":"<p>So, die Heizung ist seit heute auf Sommerbetrieb umgestellt. Es macht schon Spa\u00df, abends wieder drau\u00dfen sitzen zu k\u00f6nnen. Wie letztens auf einer Geburtstagsparty.<\/p>\n","protected":false},"author":2,"featured_media":0,"comment_status":"open","ping_status":"open","sticky":false,"template":"","format":"standard","meta":{"_coblocks_attr":"","_coblocks_dimensions":"","_coblocks_responsive_height":"","_coblocks_accordion_ie_support":"","om_disable_all_campaigns":false,"_monsterinsights_skip_tracking":false,"_monsterinsights_sitenote_active":false,"_monsterinsights_sitenote_note":"","_monsterinsights_sitenote_category":0,"_s2mail":""},"categories":[1,8],"tags":[30,29,28,31],"aioseo_notices":[],"_links":{"self":[{"href":"http:\/\/www.bonn-kocht.de\/index.php?rest_route=\/wp\/v2\/posts\/337"}],"collection":[{"href":"http:\/\/www.bonn-kocht.de\/index.php?rest_route=\/wp\/v2\/posts"}],"about":[{"href":"http:\/\/www.bonn-kocht.de\/index.php?rest_route=\/wp\/v2\/types\/post"}],"author":[{"embeddable":true,"href":"http:\/\/www.bonn-kocht.de\/index.php?rest_route=\/wp\/v2\/users\/2"}],"replies":[{"embeddable":true,"href":"http:\/\/www.bonn-kocht.de\/index.php?rest_route=%2Fwp%2Fv2%2Fcomments&post=337"}],"version-history":[{"count":7,"href":"http:\/\/www.bonn-kocht.de\/index.php?rest_route=\/wp\/v2\/posts\/337\/revisions"}],"predecessor-version":[{"id":346,"href":"http:\/\/www.bonn-kocht.de\/index.php?rest_route=\/wp\/v2\/posts\/337\/revisions\/346"}],"wp:attachment":[{"href":"http:\/\/www.bonn-kocht.de\/index.php?rest_route=%2Fwp%2Fv2%2Fmedia&parent=337"}],"wp:term":[{"taxonomy":"category","embeddable":true,"href":"http:\/\/www.bonn-kocht.de\/index.php?rest_route=%2Fwp%2Fv2%2Fcategories&post=337"},{"taxonomy":"post_tag","embeddable":true,"href":"http:\/\/www.bonn-kocht.de\/index.php?rest_route=%2Fwp%2Fv2%2Ftags&post=337"}],"curies":[{"name":"wp","href":"https:\/\/api.w.org\/{rel}","templated":true}]}}