{"id":2419,"date":"2022-01-17T13:27:25","date_gmt":"2022-01-17T13:27:25","guid":{"rendered":"http:\/\/www.bonn-kocht.de\/?p=2419"},"modified":"2022-01-18T10:53:10","modified_gmt":"2022-01-18T10:53:10","slug":"__trashed","status":"publish","type":"post","link":"http:\/\/www.bonn-kocht.de\/?p=2419","title":{"rendered":"La Taverne: Beste Tartiflette und Aussicht"},"content":{"rendered":"\n<figure class=\"wp-block-image size-full\"><img decoding=\"async\" loading=\"lazy\" width=\"1024\" height=\"918\" src=\"http:\/\/www.bonn-kocht.de\/wp-content\/uploads\/2022\/01\/IMG_20220109_152921.jpg\" alt=\"\" class=\"wp-image-2422\" srcset=\"http:\/\/www.bonn-kocht.de\/wp-content\/uploads\/2022\/01\/IMG_20220109_152921.jpg 1024w, http:\/\/www.bonn-kocht.de\/wp-content\/uploads\/2022\/01\/IMG_20220109_152921-300x269.jpg 300w, http:\/\/www.bonn-kocht.de\/wp-content\/uploads\/2022\/01\/IMG_20220109_152921-768x689.jpg 768w, http:\/\/www.bonn-kocht.de\/wp-content\/uploads\/2022\/01\/IMG_20220109_152921-335x300.jpg 335w\" sizes=\"(max-width: 1024px) 100vw, 1024px\" \/><figcaption>Essen oder schauen? Oder beides.. <\/figcaption><\/figure>\n\n\n\n<p style=\"text-align: left;\">F\u00fcr die leckerste Tartiflette geht&#8217;s zur Taverne in die Berge. Und zwar in die Hochsavoyen nach Le Grand Bornand \u2014 ein sch\u00f6nes Skigebiet nicht weit vom Genfer See. Eine kleine Reiseschau samt Rezept des etwas anderen Kartoffelauflaufs mit Reblochon. Kann man ja nicht mal eben so hinfahren&#8230;&nbsp;<\/p>\n<p><!--more--><\/p>\n<p>Als Skifahrer muss man erst mal wissen, wo sich die Taverne befindet. Was sie automatisch zu einem Geheimtipp macht. Denn wir einmal bei Sonne vor, sonst in der urigen H\u00fctte Platz genommen hat, will da gar nicht mehr weg. Das alterslos wirkende, doch \u00e4ltere Ehepaar, das im Sommer eine weitere H\u00fctte f\u00fcr Wanderer betreibt, serviert freundlich Bier, lokalen Wein aus der Keramikkanne, Waffeln, fluffiges Omelette mit und ohne Speck\/K\u00e4se, eine Schinken-K\u00e4seplatte mit lokalen Produkten, eine w\u00fcrzige Gem\u00fcsesuppe mit einer gro\u00dfen Ecke k\u00f6stlichen Tommes-K\u00e4se. Und vieles mehr an Hausmannskost.&nbsp;<\/p>\n<div id=\"attachment_2407\" style=\"width: 310px\" class=\"wp-caption alignleft\"><img aria-describedby=\"caption-attachment-2407\" decoding=\"async\" loading=\"lazy\" class=\"size-medium wp-image-2407\" src=\"http:\/\/www.bonn-kocht.de\/wp-content\/uploads\/2022\/01\/P1180354-300x169.jpg\" alt=\"\" width=\"300\" height=\"169\" srcset=\"http:\/\/www.bonn-kocht.de\/wp-content\/uploads\/2022\/01\/P1180354-300x169.jpg 300w, http:\/\/www.bonn-kocht.de\/wp-content\/uploads\/2022\/01\/P1180354-768x432.jpg 768w, http:\/\/www.bonn-kocht.de\/wp-content\/uploads\/2022\/01\/P1180354-500x281.jpg 500w, http:\/\/www.bonn-kocht.de\/wp-content\/uploads\/2022\/01\/P1180354.jpg 1024w\" sizes=\"(max-width: 300px) 100vw, 300px\" \/><p id=\"caption-attachment-2407\" class=\"wp-caption-text\">Knusprig \u00fcberbackene Tartiflette.<\/p><\/div>\n<p>Besonders gelungen ist aber die regionale Spezialit\u00e4t Tartiflette, die mit dem Alpenpanorama um die Gunst der Skifahrer buhlt. &#8220;Wir machen die ohne Zwiebeln&#8221;, sagt die Wirtin. Knoblauch und Wei\u00dfwein bilden mit dem zerlaufenen Reblochon \u00fcber Kartoffeln und Speck eine schmackhafte Einheit. Wer nicht am Ende noch den knusprigen Rand abkratzt, ist selbst schuld.&nbsp;<\/p>\n<p>Um jetzt nicht die gemachte Nase zu lang werden zu lassen, <a href=\"http:\/\/www.bonn-kocht.de\/?p=2435\">gibt es hier ein Rezept f\u00fcr Tartiflette<\/a>. Reblochon bekommt man in jedem besseren Supermarkt, den Rest sowieso.<\/p>\n<p>&nbsp;<\/p>\n\n\n\n<div aria-label=\"Carousel Gallery\" class=\"wp-block-coblocks-gallery-carousel\"><div class=\"is-cropped coblocks-gallery has-no-alignment has-caption-style-dark has-horizontal-gutter has-lightbox\"><div class=\"has-carousel has-carousel-lrg\" style=\"height:260px\" data-flickity=\"{&quot;autoPlay&quot;:false,&quot;draggable&quot;:true,&quot;pageDots&quot;:false,&quot;prevNextButtons&quot;:true,&quot;wrapAround&quot;:true,&quot;cellAlign&quot;:&quot;center&quot;,&quot;pauseAutoPlayOnHover&quot;:false,&quot;freeScroll&quot;:false,&quot;arrowShape&quot;:{&quot;x0&quot;:10,&quot;x1&quot;:60,&quot;y1&quot;:50,&quot;x2&quot;:65,&quot;y2&quot;:45,&quot;x3&quot;:20},&quot;thumbnails&quot;:false,&quot;responsiveHeight&quot;:false}\"><div class=\"coblocks-gallery--item\"><figure class=\"coblocks-gallery--figure has-margin-left-5 has-margin-left-mobile-5 has-margin-right-5 has-margin-right-mobile-5\"><img decoding=\"async\" loading=\"lazy\" width=\"1024\" height=\"576\" src=\"http:\/\/www.bonn-kocht.de\/wp-content\/uploads\/2022\/01\/P1180377.jpg\" alt=\"\" data-id=\"2412\" data-link=\"http:\/\/www.bonn-kocht.de\/?attachment_id=2412\" class=\"wp-image-2412\" srcset=\"http:\/\/www.bonn-kocht.de\/wp-content\/uploads\/2022\/01\/P1180377.jpg 1024w, http:\/\/www.bonn-kocht.de\/wp-content\/uploads\/2022\/01\/P1180377-300x169.jpg 300w, http:\/\/www.bonn-kocht.de\/wp-content\/uploads\/2022\/01\/P1180377-768x432.jpg 768w, http:\/\/www.bonn-kocht.de\/wp-content\/uploads\/2022\/01\/P1180377-500x281.jpg 500w\" sizes=\"(max-width: 1024px) 100vw, 1024px\" \/><\/figure><\/div><div class=\"coblocks-gallery--item\"><figure class=\"coblocks-gallery--figure has-margin-left-5 has-margin-left-mobile-5 has-margin-right-5 has-margin-right-mobile-5\"><img decoding=\"async\" loading=\"lazy\" width=\"1024\" height=\"576\" src=\"http:\/\/www.bonn-kocht.de\/wp-content\/uploads\/2022\/01\/P1180363.jpg\" alt=\"\" data-id=\"2408\" data-link=\"http:\/\/www.bonn-kocht.de\/?attachment_id=2408\" class=\"wp-image-2408\" srcset=\"http:\/\/www.bonn-kocht.de\/wp-content\/uploads\/2022\/01\/P1180363.jpg 1024w, http:\/\/www.bonn-kocht.de\/wp-content\/uploads\/2022\/01\/P1180363-300x169.jpg 300w, http:\/\/www.bonn-kocht.de\/wp-content\/uploads\/2022\/01\/P1180363-768x432.jpg 768w, http:\/\/www.bonn-kocht.de\/wp-content\/uploads\/2022\/01\/P1180363-500x281.jpg 500w\" sizes=\"(max-width: 1024px) 100vw, 1024px\" \/><\/figure><\/div><div class=\"coblocks-gallery--item\"><figure class=\"coblocks-gallery--figure has-margin-left-5 has-margin-left-mobile-5 has-margin-right-5 has-margin-right-mobile-5\"><img decoding=\"async\" loading=\"lazy\" width=\"1024\" height=\"576\" src=\"http:\/\/www.bonn-kocht.de\/wp-content\/uploads\/2022\/01\/P1180495.jpg\" alt=\"\" data-id=\"2414\" data-link=\"http:\/\/www.bonn-kocht.de\/?attachment_id=2414\" class=\"wp-image-2414\" srcset=\"http:\/\/www.bonn-kocht.de\/wp-content\/uploads\/2022\/01\/P1180495.jpg 1024w, http:\/\/www.bonn-kocht.de\/wp-content\/uploads\/2022\/01\/P1180495-300x169.jpg 300w, http:\/\/www.bonn-kocht.de\/wp-content\/uploads\/2022\/01\/P1180495-768x432.jpg 768w, http:\/\/www.bonn-kocht.de\/wp-content\/uploads\/2022\/01\/P1180495-500x281.jpg 500w\" sizes=\"(max-width: 1024px) 100vw, 1024px\" \/><\/figure><\/div><div class=\"coblocks-gallery--item\"><figure class=\"coblocks-gallery--figure has-margin-left-5 has-margin-left-mobile-5 has-margin-right-5 has-margin-right-mobile-5\"><img decoding=\"async\" loading=\"lazy\" width=\"936\" height=\"460\" src=\"http:\/\/www.bonn-kocht.de\/wp-content\/uploads\/2022\/01\/P1180198-e1641714143201.jpg\" alt=\"\" data-id=\"2415\" data-link=\"http:\/\/www.bonn-kocht.de\/?attachment_id=2415\" class=\"wp-image-2415\" srcset=\"http:\/\/www.bonn-kocht.de\/wp-content\/uploads\/2022\/01\/P1180198-e1641714143201.jpg 936w, http:\/\/www.bonn-kocht.de\/wp-content\/uploads\/2022\/01\/P1180198-e1641714143201-300x147.jpg 300w, http:\/\/www.bonn-kocht.de\/wp-content\/uploads\/2022\/01\/P1180198-e1641714143201-768x377.jpg 768w, http:\/\/www.bonn-kocht.de\/wp-content\/uploads\/2022\/01\/P1180198-e1641714143201-500x246.jpg 500w\" sizes=\"(max-width: 936px) 100vw, 936px\" \/><\/figure><\/div><div class=\"coblocks-gallery--item\"><figure class=\"coblocks-gallery--figure has-margin-left-5 has-margin-left-mobile-5 has-margin-right-5 has-margin-right-mobile-5\"><img decoding=\"async\" loading=\"lazy\" width=\"811\" height=\"391\" src=\"http:\/\/www.bonn-kocht.de\/wp-content\/uploads\/2022\/01\/P1180197-e1641714168950.jpg\" alt=\"\" data-id=\"2416\" data-link=\"http:\/\/www.bonn-kocht.de\/?attachment_id=2416\" class=\"wp-image-2416\" srcset=\"http:\/\/www.bonn-kocht.de\/wp-content\/uploads\/2022\/01\/P1180197-e1641714168950.jpg 811w, http:\/\/www.bonn-kocht.de\/wp-content\/uploads\/2022\/01\/P1180197-e1641714168950-300x145.jpg 300w, http:\/\/www.bonn-kocht.de\/wp-content\/uploads\/2022\/01\/P1180197-e1641714168950-768x370.jpg 768w, http:\/\/www.bonn-kocht.de\/wp-content\/uploads\/2022\/01\/P1180197-e1641714168950-500x241.jpg 500w\" sizes=\"(max-width: 811px) 100vw, 811px\" \/><\/figure><\/div><div class=\"coblocks-gallery--item\"><figure class=\"coblocks-gallery--figure has-margin-left-5 has-margin-left-mobile-5 has-margin-right-5 has-margin-right-mobile-5\"><img decoding=\"async\" loading=\"lazy\" width=\"1024\" height=\"576\" src=\"http:\/\/www.bonn-kocht.de\/wp-content\/uploads\/2022\/01\/P1180380.jpg\" alt=\"\" data-id=\"2413\" data-link=\"http:\/\/www.bonn-kocht.de\/?attachment_id=2413\" class=\"wp-image-2413\" srcset=\"http:\/\/www.bonn-kocht.de\/wp-content\/uploads\/2022\/01\/P1180380.jpg 1024w, http:\/\/www.bonn-kocht.de\/wp-content\/uploads\/2022\/01\/P1180380-300x169.jpg 300w, http:\/\/www.bonn-kocht.de\/wp-content\/uploads\/2022\/01\/P1180380-768x432.jpg 768w, http:\/\/www.bonn-kocht.de\/wp-content\/uploads\/2022\/01\/P1180380-500x281.jpg 500w\" sizes=\"(max-width: 1024px) 100vw, 1024px\" \/><\/figure><\/div><div class=\"coblocks-gallery--item\"><figure class=\"coblocks-gallery--figure has-margin-left-5 has-margin-left-mobile-5 has-margin-right-5 has-margin-right-mobile-5\"><img decoding=\"async\" loading=\"lazy\" width=\"1024\" height=\"576\" src=\"http:\/\/www.bonn-kocht.de\/wp-content\/uploads\/2022\/01\/P1180369.jpg\" alt=\"\" data-id=\"2411\" data-link=\"http:\/\/www.bonn-kocht.de\/?attachment_id=2411\" class=\"wp-image-2411\" srcset=\"http:\/\/www.bonn-kocht.de\/wp-content\/uploads\/2022\/01\/P1180369.jpg 1024w, http:\/\/www.bonn-kocht.de\/wp-content\/uploads\/2022\/01\/P1180369-300x169.jpg 300w, http:\/\/www.bonn-kocht.de\/wp-content\/uploads\/2022\/01\/P1180369-768x432.jpg 768w, http:\/\/www.bonn-kocht.de\/wp-content\/uploads\/2022\/01\/P1180369-500x281.jpg 500w\" sizes=\"(max-width: 1024px) 100vw, 1024px\" \/><\/figure><\/div><div class=\"coblocks-gallery--item\"><figure class=\"coblocks-gallery--figure has-margin-left-5 has-margin-left-mobile-5 has-margin-right-5 has-margin-right-mobile-5\"><img decoding=\"async\" loading=\"lazy\" width=\"1024\" height=\"576\" src=\"http:\/\/www.bonn-kocht.de\/wp-content\/uploads\/2022\/01\/P1180365.jpg\" alt=\"\" data-id=\"2410\" data-link=\"http:\/\/www.bonn-kocht.de\/?attachment_id=2410\" class=\"wp-image-2410\" srcset=\"http:\/\/www.bonn-kocht.de\/wp-content\/uploads\/2022\/01\/P1180365.jpg 1024w, http:\/\/www.bonn-kocht.de\/wp-content\/uploads\/2022\/01\/P1180365-300x169.jpg 300w, http:\/\/www.bonn-kocht.de\/wp-content\/uploads\/2022\/01\/P1180365-768x432.jpg 768w, http:\/\/www.bonn-kocht.de\/wp-content\/uploads\/2022\/01\/P1180365-500x281.jpg 500w\" sizes=\"(max-width: 1024px) 100vw, 1024px\" \/><\/figure><\/div><div class=\"coblocks-gallery--item\"><figure class=\"coblocks-gallery--figure has-margin-left-5 has-margin-left-mobile-5 has-margin-right-5 has-margin-right-mobile-5\"><img decoding=\"async\" loading=\"lazy\" width=\"1024\" height=\"576\" src=\"http:\/\/www.bonn-kocht.de\/wp-content\/uploads\/2022\/01\/P1180364.jpg\" alt=\"\" data-id=\"2409\" data-link=\"http:\/\/www.bonn-kocht.de\/?attachment_id=2409\" class=\"wp-image-2409\" srcset=\"http:\/\/www.bonn-kocht.de\/wp-content\/uploads\/2022\/01\/P1180364.jpg 1024w, http:\/\/www.bonn-kocht.de\/wp-content\/uploads\/2022\/01\/P1180364-300x169.jpg 300w, http:\/\/www.bonn-kocht.de\/wp-content\/uploads\/2022\/01\/P1180364-768x432.jpg 768w, http:\/\/www.bonn-kocht.de\/wp-content\/uploads\/2022\/01\/P1180364-500x281.jpg 500w\" sizes=\"(max-width: 1024px) 100vw, 1024px\" \/><\/figure><\/div><div class=\"coblocks-gallery--item\"><figure class=\"coblocks-gallery--figure has-margin-left-5 has-margin-left-mobile-5 has-margin-right-5 has-margin-right-mobile-5\"><img decoding=\"async\" loading=\"lazy\" width=\"1024\" height=\"576\" src=\"http:\/\/www.bonn-kocht.de\/wp-content\/uploads\/2022\/01\/P1180353.jpg\" alt=\"\" data-id=\"2406\" data-link=\"http:\/\/www.bonn-kocht.de\/?attachment_id=2406\" class=\"wp-image-2406\" srcset=\"http:\/\/www.bonn-kocht.de\/wp-content\/uploads\/2022\/01\/P1180353.jpg 1024w, http:\/\/www.bonn-kocht.de\/wp-content\/uploads\/2022\/01\/P1180353-300x169.jpg 300w, http:\/\/www.bonn-kocht.de\/wp-content\/uploads\/2022\/01\/P1180353-768x432.jpg 768w, http:\/\/www.bonn-kocht.de\/wp-content\/uploads\/2022\/01\/P1180353-500x281.jpg 500w\" sizes=\"(max-width: 1024px) 100vw, 1024px\" \/><\/figure><\/div><div class=\"coblocks-gallery--item\"><figure class=\"coblocks-gallery--figure has-margin-left-5 has-margin-left-mobile-5 has-margin-right-5 has-margin-right-mobile-5\"><img decoding=\"async\" loading=\"lazy\" width=\"1024\" height=\"576\" src=\"http:\/\/www.bonn-kocht.de\/wp-content\/uploads\/2022\/01\/P1180219.jpg\" alt=\"\" data-id=\"2404\" data-link=\"http:\/\/www.bonn-kocht.de\/?attachment_id=2404\" class=\"wp-image-2404\" srcset=\"http:\/\/www.bonn-kocht.de\/wp-content\/uploads\/2022\/01\/P1180219.jpg 1024w, http:\/\/www.bonn-kocht.de\/wp-content\/uploads\/2022\/01\/P1180219-300x169.jpg 300w, http:\/\/www.bonn-kocht.de\/wp-content\/uploads\/2022\/01\/P1180219-768x432.jpg 768w, http:\/\/www.bonn-kocht.de\/wp-content\/uploads\/2022\/01\/P1180219-500x281.jpg 500w\" sizes=\"(max-width: 1024px) 100vw, 1024px\" \/><\/figure><\/div><div class=\"coblocks-gallery--item\"><figure class=\"coblocks-gallery--figure has-margin-left-5 has-margin-left-mobile-5 has-margin-right-5 has-margin-right-mobile-5\"><img decoding=\"async\" loading=\"lazy\" width=\"1024\" height=\"576\" src=\"http:\/\/www.bonn-kocht.de\/wp-content\/uploads\/2022\/01\/P1180213.jpg\" alt=\"\" data-id=\"2402\" data-link=\"http:\/\/www.bonn-kocht.de\/?attachment_id=2402\" class=\"wp-image-2402\" srcset=\"http:\/\/www.bonn-kocht.de\/wp-content\/uploads\/2022\/01\/P1180213.jpg 1024w, http:\/\/www.bonn-kocht.de\/wp-content\/uploads\/2022\/01\/P1180213-300x169.jpg 300w, http:\/\/www.bonn-kocht.de\/wp-content\/uploads\/2022\/01\/P1180213-768x432.jpg 768w, http:\/\/www.bonn-kocht.de\/wp-content\/uploads\/2022\/01\/P1180213-500x281.jpg 500w\" sizes=\"(max-width: 1024px) 100vw, 1024px\" \/><\/figure><\/div><div class=\"coblocks-gallery--item\"><figure class=\"coblocks-gallery--figure has-margin-left-5 has-margin-left-mobile-5 has-margin-right-5 has-margin-right-mobile-5\"><img decoding=\"async\" loading=\"lazy\" width=\"1024\" height=\"576\" src=\"http:\/\/www.bonn-kocht.de\/wp-content\/uploads\/2022\/01\/P1180217.jpg\" alt=\"\" data-id=\"2403\" data-link=\"http:\/\/www.bonn-kocht.de\/?attachment_id=2403\" class=\"wp-image-2403\" srcset=\"http:\/\/www.bonn-kocht.de\/wp-content\/uploads\/2022\/01\/P1180217.jpg 1024w, http:\/\/www.bonn-kocht.de\/wp-content\/uploads\/2022\/01\/P1180217-300x169.jpg 300w, http:\/\/www.bonn-kocht.de\/wp-content\/uploads\/2022\/01\/P1180217-768x432.jpg 768w, http:\/\/www.bonn-kocht.de\/wp-content\/uploads\/2022\/01\/P1180217-500x281.jpg 500w\" sizes=\"(max-width: 1024px) 100vw, 1024px\" \/><\/figure><\/div><div class=\"coblocks-gallery--item\"><figure class=\"coblocks-gallery--figure has-margin-left-5 has-margin-left-mobile-5 has-margin-right-5 has-margin-right-mobile-5\"><img decoding=\"async\" loading=\"lazy\" width=\"1024\" height=\"576\" src=\"http:\/\/www.bonn-kocht.de\/wp-content\/uploads\/2022\/01\/P1180204.jpg\" alt=\"\" data-id=\"2401\" data-link=\"http:\/\/www.bonn-kocht.de\/?attachment_id=2401\" class=\"wp-image-2401\" srcset=\"http:\/\/www.bonn-kocht.de\/wp-content\/uploads\/2022\/01\/P1180204.jpg 1024w, http:\/\/www.bonn-kocht.de\/wp-content\/uploads\/2022\/01\/P1180204-300x169.jpg 300w, http:\/\/www.bonn-kocht.de\/wp-content\/uploads\/2022\/01\/P1180204-768x432.jpg 768w, http:\/\/www.bonn-kocht.de\/wp-content\/uploads\/2022\/01\/P1180204-500x281.jpg 500w\" sizes=\"(max-width: 1024px) 100vw, 1024px\" \/><\/figure><\/div><div class=\"coblocks-gallery--item\"><figure class=\"coblocks-gallery--figure has-margin-left-5 has-margin-left-mobile-5 has-margin-right-5 has-margin-right-mobile-5\"><img decoding=\"async\" loading=\"lazy\" width=\"1024\" height=\"576\" src=\"http:\/\/www.bonn-kocht.de\/wp-content\/uploads\/2022\/01\/IMG_20220103_133626-02.jpeg\" alt=\"\" data-id=\"2418\" data-link=\"http:\/\/www.bonn-kocht.de\/?attachment_id=2418\" class=\"wp-image-2418\" srcset=\"http:\/\/www.bonn-kocht.de\/wp-content\/uploads\/2022\/01\/IMG_20220103_133626-02.jpeg 1024w, http:\/\/www.bonn-kocht.de\/wp-content\/uploads\/2022\/01\/IMG_20220103_133626-02-300x169.jpeg 300w, http:\/\/www.bonn-kocht.de\/wp-content\/uploads\/2022\/01\/IMG_20220103_133626-02-768x432.jpeg 768w, http:\/\/www.bonn-kocht.de\/wp-content\/uploads\/2022\/01\/IMG_20220103_133626-02-500x281.jpeg 500w\" sizes=\"(max-width: 1024px) 100vw, 1024px\" \/><\/figure><\/div><div class=\"coblocks-gallery--item\"><figure class=\"coblocks-gallery--figure has-margin-left-5 has-margin-left-mobile-5 has-margin-right-5 has-margin-right-mobile-5\"><img decoding=\"async\" loading=\"lazy\" width=\"1024\" height=\"576\" src=\"http:\/\/www.bonn-kocht.de\/wp-content\/uploads\/2022\/01\/P1180222.jpg\" alt=\"\" data-id=\"2405\" data-link=\"http:\/\/www.bonn-kocht.de\/?attachment_id=2405\" class=\"wp-image-2405\" srcset=\"http:\/\/www.bonn-kocht.de\/wp-content\/uploads\/2022\/01\/P1180222.jpg 1024w, http:\/\/www.bonn-kocht.de\/wp-content\/uploads\/2022\/01\/P1180222-300x169.jpg 300w, http:\/\/www.bonn-kocht.de\/wp-content\/uploads\/2022\/01\/P1180222-768x432.jpg 768w, http:\/\/www.bonn-kocht.de\/wp-content\/uploads\/2022\/01\/P1180222-500x281.jpg 500w\" sizes=\"(max-width: 1024px) 100vw, 1024px\" \/><\/figure><\/div><\/div><\/div><\/div>\n\n\n\n<p>Hier kommt noch die Lagebschreibung f\u00fcr die Taverne. Wer dort einmal Skifahren m\u00f6chte, <a href=\"https:\/\/de.legrandbornand.com\/winter-startseite\" target=\"_blank\" rel=\"noopener\">erf\u00e4hrt hier mehr<\/a>.<\/p>\n\n\n\n<iframe src=\"https:\/\/www.google.com\/maps\/embed?pb=!1m14!1m8!1m3!1d11095.275533437745!2d6.4554681!3d45.9549016!3m2!1i1024!2i768!4f13.1!3m3!1m2!1s0x0%3A0xa4283feb1534acc7!2sLa%20Taverne!5e0!3m2!1sde!2sde!4v1641742270720!5m2!1sde!2sde\" style=\"border:0;\" allowfullscreen=\"\" loading=\"lazy\" width=\"600\" height=\"450\"><\/iframe><p>\n\n\n","protected":false},"excerpt":{"rendered":"<p>F\u00fcr die leckerste Tartiflette geht&#8217;s zur Taverne in die Berge. Und zwar in die Hochsavoyen nach Le Grand Bornand \u2014 ein sch\u00f6nes Skigebiet nicht weit vom Genfer See. Eine kleine Reiseschau samt Rezept des etwas anderen Kartoffelauflaufs mit Reblochon. Kann &hellip; <a href=\"http:\/\/www.bonn-kocht.de\/?p=2419\">Weiterlesen <span class=\"meta-nav\">&rarr;<\/span><\/a><\/p>\n","protected":false},"author":2,"featured_media":0,"comment_status":"open","ping_status":"open","sticky":false,"template":"","format":"standard","meta":{"_coblocks_attr":"","_coblocks_dimensions":"","_coblocks_responsive_height":"","_coblocks_accordion_ie_support":"","om_disable_all_campaigns":false,"_monsterinsights_skip_tracking":false,"_monsterinsights_sitenote_active":false,"_monsterinsights_sitenote_note":"","_monsterinsights_sitenote_category":0,"_s2mail":"yes"},"categories":[1,8,11,49,47],"tags":[177,15,284,286,282,283,285,16],"aioseo_notices":[],"_links":{"self":[{"href":"http:\/\/www.bonn-kocht.de\/index.php?rest_route=\/wp\/v2\/posts\/2419"}],"collection":[{"href":"http:\/\/www.bonn-kocht.de\/index.php?rest_route=\/wp\/v2\/posts"}],"about":[{"href":"http:\/\/www.bonn-kocht.de\/index.php?rest_route=\/wp\/v2\/types\/post"}],"author":[{"embeddable":true,"href":"http:\/\/www.bonn-kocht.de\/index.php?rest_route=\/wp\/v2\/users\/2"}],"replies":[{"embeddable":true,"href":"http:\/\/www.bonn-kocht.de\/index.php?rest_route=%2Fwp%2Fv2%2Fcomments&post=2419"}],"version-history":[{"count":15,"href":"http:\/\/www.bonn-kocht.de\/index.php?rest_route=\/wp\/v2\/posts\/2419\/revisions"}],"predecessor-version":[{"id":2456,"href":"http:\/\/www.bonn-kocht.de\/index.php?rest_route=\/wp\/v2\/posts\/2419\/revisions\/2456"}],"wp:attachment":[{"href":"http:\/\/www.bonn-kocht.de\/index.php?rest_route=%2Fwp%2Fv2%2Fmedia&parent=2419"}],"wp:term":[{"taxonomy":"category","embeddable":true,"href":"http:\/\/www.bonn-kocht.de\/index.php?rest_route=%2Fwp%2Fv2%2Fcategories&post=2419"},{"taxonomy":"post_tag","embeddable":true,"href":"http:\/\/www.bonn-kocht.de\/index.php?rest_route=%2Fwp%2Fv2%2Ftags&post=2419"}],"curies":[{"name":"wp","href":"https:\/\/api.w.org\/{rel}","templated":true}]}}