{"id":2381,"date":"2021-12-07T12:11:13","date_gmt":"2021-12-07T12:11:13","guid":{"rendered":"http:\/\/www.bonn-kocht.de\/?p=2381"},"modified":"2021-12-07T12:11:16","modified_gmt":"2021-12-07T12:11:16","slug":"enzianschnaps-pimp-up-your-korn","status":"publish","type":"post","link":"http:\/\/www.bonn-kocht.de\/?p=2381","title":{"rendered":"Enzianschnaps: Pimp up your Korn"},"content":{"rendered":"\n<div id=\"attachment_2370\" style=\"width: 1034px\" class=\"wp-caption aligncenter\"><img aria-describedby=\"caption-attachment-2370\" decoding=\"async\" loading=\"lazy\" class=\"size-full wp-image-2370\" src=\"http:\/\/www.bonn-kocht.de\/wp-content\/uploads\/2021\/12\/IMG_20211207_115418.jpg\" alt=\"\" width=\"1024\" height=\"576\" srcset=\"http:\/\/www.bonn-kocht.de\/wp-content\/uploads\/2021\/12\/IMG_20211207_115418.jpg 1024w, http:\/\/www.bonn-kocht.de\/wp-content\/uploads\/2021\/12\/IMG_20211207_115418-300x169.jpg 300w, http:\/\/www.bonn-kocht.de\/wp-content\/uploads\/2021\/12\/IMG_20211207_115418-768x432.jpg 768w, http:\/\/www.bonn-kocht.de\/wp-content\/uploads\/2021\/12\/IMG_20211207_115418-500x281.jpg 500w\" sizes=\"(max-width: 1024px) 100vw, 1024px\" \/><p id=\"caption-attachment-2370\" class=\"wp-caption-text\">Sch\u00e4rfer noch als Cybersex ist Doppelkorn, und zwar auf Ex. Dazu dann der Enzian.<\/p><\/div>\n<p>Ein Freund brachte j\u00fcngst Wurzeln des gelben Enzians aus den franz\u00f6sischen Alpen mit. Im Gegensatz zu Deutschland ist es dort an einem Tag im Jahr erlaubt, die Pflanze zu ernten. Hier kommt sie nun in den Schnaps.<!--more--><\/p>\n<p>Jean Pierre hatte sich schon vorher \u00fcberlegt, daraus einen Aufgesetzten zu machen. Es wird wohl ein leicht bitteres und erdiges Getr\u00e4nk werden \u2014 so riechen die Wurzeln selbst schon. JP kennt es in seiner Heimat als Lik\u00f6r, ist als Suze ein gern genommener Aperitif. Zumindest bei der \u00e4lteren Generation, die hat immer ein Fl\u00e4schchen im Schrank.<\/p>\n<div id=\"attachment_2369\" style=\"width: 310px\" class=\"wp-caption alignright\"><img aria-describedby=\"caption-attachment-2369\" decoding=\"async\" loading=\"lazy\" class=\"size-medium wp-image-2369\" src=\"http:\/\/www.bonn-kocht.de\/wp-content\/uploads\/2021\/12\/yellow-gentian-g4dda8335b_1920-300x199.jpg\" alt=\"\" width=\"300\" height=\"199\" srcset=\"http:\/\/www.bonn-kocht.de\/wp-content\/uploads\/2021\/12\/yellow-gentian-g4dda8335b_1920-300x199.jpg 300w, http:\/\/www.bonn-kocht.de\/wp-content\/uploads\/2021\/12\/yellow-gentian-g4dda8335b_1920-768x510.jpg 768w, http:\/\/www.bonn-kocht.de\/wp-content\/uploads\/2021\/12\/yellow-gentian-g4dda8335b_1920-452x300.jpg 452w, http:\/\/www.bonn-kocht.de\/wp-content\/uploads\/2021\/12\/yellow-gentian-g4dda8335b_1920.jpg 1024w\" sizes=\"(max-width: 300px) 100vw, 300px\" \/><p id=\"caption-attachment-2369\" class=\"wp-caption-text\">Ja, ja, so gelb, gelb, gelb bl\u00fcht der Enzian.<\/p><\/div>\n<p>Also, mal sehen, ob er am Ende schmeckt (uns besser ist, als er riechen soll). Soll ja ganz gut sein nach einem reichhaltigen Essen, bei V\u00f6llegef\u00fchl, Bl\u00e4hungen und Appetitlosigkeit helfen. Drei Wochen m\u00fcssen wir uns allerdings gedulden, bis das Getr\u00e4nk fertig ist. Also: erst mal ansetzen, das Ergebnis und seine Wirkung gibt\u2019s sp\u00e4ter. Die Wurzeln bekommt man hier in der Apotheke.<\/p>\n<p><strong>Zutaten:<\/strong><\/p>\n<p>18g getrocknete Enzianwurzeln<br \/>0,7l Doppelkorn (40%)<\/p>\n<p><strong style=\"font-size: revert;\"><br \/>Zubereitung:<\/strong><\/p>\n<p>Die Wurzeln m\u00fcssen zerkleinert werden, was allerdings nicht ganz so einfach ist. Sind hart wie Holz. Die kommen nun in ein Gef\u00e4\u00df, das einen Liter fasst. Eine leere Milchflasche aus Glas eignet sich ganz gut daf\u00fcr.<\/p>\n<p>Jetzt den Schnaps dar\u00fcber gie\u00dfen und alles f\u00fcr drei Wochen an einen lichtgesch\u00fctzten Ort stellen. Zwischendurch die Flasche immer mal wieder gut sch\u00fctteln.<\/p>\n<p>Nach der Reifung alles filtrieren, etwa durch ein sauberes (was sonst?) K\u00fcchentuch. Dann abf\u00fcllen.<\/p>\n\n\n\n<div aria-label=\"Carousel Gallery\" class=\"wp-block-coblocks-gallery-carousel alignfull\"><div class=\"is-cropped coblocks-gallery has-caption-style-dark has-horizontal-gutter\"><div class=\"has-carousel has-carousel-lrg\" style=\"height:400px\" data-flickity=\"{&quot;autoPlay&quot;:3000,&quot;draggable&quot;:false,&quot;pageDots&quot;:false,&quot;prevNextButtons&quot;:true,&quot;wrapAround&quot;:true,&quot;cellAlign&quot;:&quot;center&quot;,&quot;pauseAutoPlayOnHover&quot;:false,&quot;freeScroll&quot;:false,&quot;arrowShape&quot;:{&quot;x0&quot;:10,&quot;x1&quot;:60,&quot;y1&quot;:50,&quot;x2&quot;:65,&quot;y2&quot;:45,&quot;x3&quot;:20},&quot;thumbnails&quot;:false,&quot;responsiveHeight&quot;:false}\"><div class=\"coblocks-gallery--item\"><figure class=\"coblocks-gallery--figure has-margin-left-5 has-margin-left-mobile-5 has-margin-right-5 has-margin-right-mobile-5\"><img decoding=\"async\" loading=\"lazy\" width=\"1024\" height=\"576\" src=\"http:\/\/www.bonn-kocht.de\/wp-content\/uploads\/2021\/12\/IMG_20211207_115506.jpg\" alt=\"\" data-id=\"2372\" data-link=\"http:\/\/www.bonn-kocht.de\/?attachment_id=2372\" class=\"wp-image-2372\" srcset=\"http:\/\/www.bonn-kocht.de\/wp-content\/uploads\/2021\/12\/IMG_20211207_115506.jpg 1024w, http:\/\/www.bonn-kocht.de\/wp-content\/uploads\/2021\/12\/IMG_20211207_115506-300x169.jpg 300w, http:\/\/www.bonn-kocht.de\/wp-content\/uploads\/2021\/12\/IMG_20211207_115506-768x432.jpg 768w, http:\/\/www.bonn-kocht.de\/wp-content\/uploads\/2021\/12\/IMG_20211207_115506-500x281.jpg 500w\" sizes=\"(max-width: 1024px) 100vw, 1024px\" \/><\/figure><\/div><div class=\"coblocks-gallery--item\"><figure class=\"coblocks-gallery--figure has-margin-left-5 has-margin-left-mobile-5 has-margin-right-5 has-margin-right-mobile-5\"><img decoding=\"async\" loading=\"lazy\" width=\"1024\" height=\"576\" src=\"http:\/\/www.bonn-kocht.de\/wp-content\/uploads\/2021\/12\/IMG_20211207_115518.jpg\" alt=\"\" data-id=\"2371\" data-link=\"http:\/\/www.bonn-kocht.de\/?attachment_id=2371\" class=\"wp-image-2371\" srcset=\"http:\/\/www.bonn-kocht.de\/wp-content\/uploads\/2021\/12\/IMG_20211207_115518.jpg 1024w, http:\/\/www.bonn-kocht.de\/wp-content\/uploads\/2021\/12\/IMG_20211207_115518-300x169.jpg 300w, http:\/\/www.bonn-kocht.de\/wp-content\/uploads\/2021\/12\/IMG_20211207_115518-768x432.jpg 768w, http:\/\/www.bonn-kocht.de\/wp-content\/uploads\/2021\/12\/IMG_20211207_115518-500x281.jpg 500w\" sizes=\"(max-width: 1024px) 100vw, 1024px\" \/><\/figure><\/div><div class=\"coblocks-gallery--item\"><figure class=\"coblocks-gallery--figure has-margin-left-5 has-margin-left-mobile-5 has-margin-right-5 has-margin-right-mobile-5\"><img decoding=\"async\" loading=\"lazy\" width=\"1024\" height=\"576\" src=\"http:\/\/www.bonn-kocht.de\/wp-content\/uploads\/2021\/12\/IMG_20211207_115740.jpg\" alt=\"\" data-id=\"2373\" data-link=\"http:\/\/www.bonn-kocht.de\/?attachment_id=2373\" class=\"wp-image-2373\" srcset=\"http:\/\/www.bonn-kocht.de\/wp-content\/uploads\/2021\/12\/IMG_20211207_115740.jpg 1024w, http:\/\/www.bonn-kocht.de\/wp-content\/uploads\/2021\/12\/IMG_20211207_115740-300x169.jpg 300w, http:\/\/www.bonn-kocht.de\/wp-content\/uploads\/2021\/12\/IMG_20211207_115740-768x432.jpg 768w, http:\/\/www.bonn-kocht.de\/wp-content\/uploads\/2021\/12\/IMG_20211207_115740-500x281.jpg 500w\" sizes=\"(max-width: 1024px) 100vw, 1024px\" \/><\/figure><\/div><div class=\"coblocks-gallery--item\"><figure class=\"coblocks-gallery--figure has-margin-left-5 has-margin-left-mobile-5 has-margin-right-5 has-margin-right-mobile-5\"><img decoding=\"async\" loading=\"lazy\" width=\"537\" height=\"560\" src=\"http:\/\/www.bonn-kocht.de\/wp-content\/uploads\/2021\/12\/IMG_20211207_120826-e1638875666491.jpg\" alt=\"\" data-id=\"2380\" data-link=\"http:\/\/www.bonn-kocht.de\/?attachment_id=2380\" class=\"wp-image-2380\" srcset=\"http:\/\/www.bonn-kocht.de\/wp-content\/uploads\/2021\/12\/IMG_20211207_120826-e1638875666491.jpg 537w, http:\/\/www.bonn-kocht.de\/wp-content\/uploads\/2021\/12\/IMG_20211207_120826-e1638875666491-288x300.jpg 288w\" sizes=\"(max-width: 537px) 100vw, 537px\" \/><\/figure><\/div><\/div><\/div><\/div>\n","protected":false},"excerpt":{"rendered":"<p>Ein Freund brachte j\u00fcngst Wurzeln des gelben Enzians aus den franz\u00f6sischen Alpen mit. Im Gegensatz zu Deutschland ist es dort an einem Tag im Jahr erlaubt, die Pflanze zu ernten. Hier kommt sie nun in den Schnaps.<\/p>\n","protected":false},"author":2,"featured_media":0,"comment_status":"open","ping_status":"open","sticky":false,"template":"","format":"standard","meta":{"_coblocks_attr":"","_coblocks_dimensions":"","_coblocks_responsive_height":"","_coblocks_accordion_ie_support":"","om_disable_all_campaigns":false,"_monsterinsights_skip_tracking":false,"_monsterinsights_sitenote_active":false,"_monsterinsights_sitenote_note":"","_monsterinsights_sitenote_category":0,"_s2mail":"yes"},"categories":[1,9,51,47],"tags":[275,274,24,16],"aioseo_notices":[],"_links":{"self":[{"href":"http:\/\/www.bonn-kocht.de\/index.php?rest_route=\/wp\/v2\/posts\/2381"}],"collection":[{"href":"http:\/\/www.bonn-kocht.de\/index.php?rest_route=\/wp\/v2\/posts"}],"about":[{"href":"http:\/\/www.bonn-kocht.de\/index.php?rest_route=\/wp\/v2\/types\/post"}],"author":[{"embeddable":true,"href":"http:\/\/www.bonn-kocht.de\/index.php?rest_route=\/wp\/v2\/users\/2"}],"replies":[{"embeddable":true,"href":"http:\/\/www.bonn-kocht.de\/index.php?rest_route=%2Fwp%2Fv2%2Fcomments&post=2381"}],"version-history":[{"count":6,"href":"http:\/\/www.bonn-kocht.de\/index.php?rest_route=\/wp\/v2\/posts\/2381\/revisions"}],"predecessor-version":[{"id":2389,"href":"http:\/\/www.bonn-kocht.de\/index.php?rest_route=\/wp\/v2\/posts\/2381\/revisions\/2389"}],"wp:attachment":[{"href":"http:\/\/www.bonn-kocht.de\/index.php?rest_route=%2Fwp%2Fv2%2Fmedia&parent=2381"}],"wp:term":[{"taxonomy":"category","embeddable":true,"href":"http:\/\/www.bonn-kocht.de\/index.php?rest_route=%2Fwp%2Fv2%2Fcategories&post=2381"},{"taxonomy":"post_tag","embeddable":true,"href":"http:\/\/www.bonn-kocht.de\/index.php?rest_route=%2Fwp%2Fv2%2Ftags&post=2381"}],"curies":[{"name":"wp","href":"https:\/\/api.w.org\/{rel}","templated":true}]}}