{"id":2148,"date":"2021-03-28T22:19:52","date_gmt":"2021-03-28T22:19:52","guid":{"rendered":"http:\/\/www.bonn-kocht.de\/?p=2148"},"modified":"2021-04-11T20:42:19","modified_gmt":"2021-04-11T20:42:19","slug":"ofen-lachs-mit-herkunft","status":"publish","type":"post","link":"http:\/\/www.bonn-kocht.de\/?p=2148","title":{"rendered":"Ofen-Lachs mit Herkunft"},"content":{"rendered":"\n<figure class=\"wp-block-image size-large\"><img decoding=\"async\" loading=\"lazy\" width=\"566\" height=\"424\" src=\"http:\/\/www.bonn-kocht.de\/wp-content\/uploads\/2021\/03\/image.png\" alt=\"\" class=\"wp-image-2149\" srcset=\"http:\/\/www.bonn-kocht.de\/wp-content\/uploads\/2021\/03\/image.png 566w, http:\/\/www.bonn-kocht.de\/wp-content\/uploads\/2021\/03\/image-300x225.png 300w, http:\/\/www.bonn-kocht.de\/wp-content\/uploads\/2021\/03\/image-400x300.png 400w\" sizes=\"(max-width: 566px) 100vw, 566px\" \/><\/figure>\n\n\n\n<p>Lachs von den Far\u00f6er Inseln oder aus Norwegen? Eine Frage, die gar nicht so leicht zu beantworten ist, bei Fisch Meyer im Edeka an der Bornheimer Stra\u00dfe in Bonn aber neuerdings gestellt wird. In beiden F\u00e4llen handele es sich um Zuchtfisch, l\u00e4sst uns der freundliche Fischh\u00e4ndler wissen. Aber der von den Far\u00f6ern, die \u00fcbrigens zu D\u00e4nemark z\u00e4hlen, sei zwar teurer, aber auch zarter, weniger fettig als der Artgenosse aus Norwegen. Wir machen die Probe aufs Exempel und k\u00f6nnen zumindest bei der mit Chili und Fenchelsamen gew\u00fcrzten Version keinen echten Unterschied erkennen.<\/p>\n\n\n<p><!--more--><\/p>\n\n\n<h1>Lachs aus dem Ofen mit Spitzpaprika, Fr\u00fchlingszwiebeln und Chili<\/h1>\n\n\n\n<p><strong>Zutaten f\u00fcr zwei Personen: <\/strong><br>Zwei St\u00fccke Lachs von jeweils circa 125 Gramm, eine rote Spitzpaprika, zwei bis drei Fr\u00fchlingszwiebeln, eine kleine rote Chili, eine Biozitrone, Fenchelsamen, Oliven\u00f6l, Salz, Pfeffer.<\/p>\n\n\n\n<p><br><strong>Zubereitung:<\/strong><br>Eine Auflaufform mit Oliven\u00f6l ausstreichen. Paprika und Fr\u00fchlingszwiebeln waschen, putzen und in kleine St\u00fccke schneiden. Chili grob hacken. Lachs von beiden Seiten mit \u00d6l betr\u00e4ufeln, Salzen, pfeffern, mit geriebener Zitronenschale und Fenchelsamen w\u00fcrzen. Den Fisch in die Form legen, das Gem\u00fcse drumherum verteilen. Fisch bei 250 Grad im Ofen f\u00fcr 14 Minuten grillen.<\/p>\n","protected":false},"excerpt":{"rendered":"<p>Lachs von den Far\u00f6er Inseln oder aus Norwegen? Eine Frage, die gar nicht so leicht zu beantworten ist, bei Fisch Meyer im Edeka an der Bornheimer Stra\u00dfe in Bonn aber neuerdings gestellt wird. In beiden F\u00e4llen handele es sich um &hellip; <a href=\"http:\/\/www.bonn-kocht.de\/?p=2148\">Weiterlesen <span class=\"meta-nav\">&rarr;<\/span><\/a><\/p>\n","protected":false},"author":4,"featured_media":2149,"comment_status":"open","ping_status":"open","sticky":false,"template":"","format":"standard","meta":{"_coblocks_attr":"","_coblocks_dimensions":"","_coblocks_responsive_height":"","_coblocks_accordion_ie_support":"","om_disable_all_campaigns":false,"_monsterinsights_skip_tracking":false,"_monsterinsights_sitenote_active":false,"_monsterinsights_sitenote_note":"","_monsterinsights_sitenote_category":0,"_s2mail":"yes"},"categories":[1,49,47],"tags":[107,239,238],"aioseo_notices":[],"_links":{"self":[{"href":"http:\/\/www.bonn-kocht.de\/index.php?rest_route=\/wp\/v2\/posts\/2148"}],"collection":[{"href":"http:\/\/www.bonn-kocht.de\/index.php?rest_route=\/wp\/v2\/posts"}],"about":[{"href":"http:\/\/www.bonn-kocht.de\/index.php?rest_route=\/wp\/v2\/types\/post"}],"author":[{"embeddable":true,"href":"http:\/\/www.bonn-kocht.de\/index.php?rest_route=\/wp\/v2\/users\/4"}],"replies":[{"embeddable":true,"href":"http:\/\/www.bonn-kocht.de\/index.php?rest_route=%2Fwp%2Fv2%2Fcomments&post=2148"}],"version-history":[{"count":3,"href":"http:\/\/www.bonn-kocht.de\/index.php?rest_route=\/wp\/v2\/posts\/2148\/revisions"}],"predecessor-version":[{"id":2194,"href":"http:\/\/www.bonn-kocht.de\/index.php?rest_route=\/wp\/v2\/posts\/2148\/revisions\/2194"}],"wp:featuredmedia":[{"embeddable":true,"href":"http:\/\/www.bonn-kocht.de\/index.php?rest_route=\/wp\/v2\/media\/2149"}],"wp:attachment":[{"href":"http:\/\/www.bonn-kocht.de\/index.php?rest_route=%2Fwp%2Fv2%2Fmedia&parent=2148"}],"wp:term":[{"taxonomy":"category","embeddable":true,"href":"http:\/\/www.bonn-kocht.de\/index.php?rest_route=%2Fwp%2Fv2%2Fcategories&post=2148"},{"taxonomy":"post_tag","embeddable":true,"href":"http:\/\/www.bonn-kocht.de\/index.php?rest_route=%2Fwp%2Fv2%2Ftags&post=2148"}],"curies":[{"name":"wp","href":"https:\/\/api.w.org\/{rel}","templated":true}]}}