{"id":2026,"date":"2017-09-29T16:18:32","date_gmt":"2017-09-29T16:18:32","guid":{"rendered":"http:\/\/www.bonn-kocht.de\/?p=2026"},"modified":"2018-09-20T06:58:09","modified_gmt":"2018-09-20T06:58:09","slug":"kochen-mit-cleusters","status":"publish","type":"post","link":"http:\/\/www.bonn-kocht.de\/?p=2026","title":{"rendered":"Kochen mit Cleusters"},"content":{"rendered":"<div id=\"attachment_2044\" style=\"width: 1034px\" class=\"wp-caption alignleft\"><img aria-describedby=\"caption-attachment-2044\" decoding=\"async\" loading=\"lazy\" class=\"size-full wp-image-2044\" src=\"http:\/\/www.bonn-kocht.de\/wp-content\/uploads\/2017\/09\/Kochatelier-12.jpg\" alt=\"\" width=\"1024\" height=\"683\" srcset=\"http:\/\/www.bonn-kocht.de\/wp-content\/uploads\/2017\/09\/Kochatelier-12.jpg 1024w, http:\/\/www.bonn-kocht.de\/wp-content\/uploads\/2017\/09\/Kochatelier-12-300x200.jpg 300w, http:\/\/www.bonn-kocht.de\/wp-content\/uploads\/2017\/09\/Kochatelier-12-768x512.jpg 768w, http:\/\/www.bonn-kocht.de\/wp-content\/uploads\/2017\/09\/Kochatelier-12-450x300.jpg 450w\" sizes=\"(max-width: 1024px) 100vw, 1024px\" \/><p id=\"caption-attachment-2044\" class=\"wp-caption-text\">Erst mal erkl\u00e4rt Jan-Philipp Cleusters die Arbeitsabl\u00e4ufe.<\/p><\/div>\n<p>Wie kommt der meiste Saft aus der Zitrone? Wie bringen Kr\u00e4uter erst wirklich Geschmack? Wie geht das einfachste und dabei vielleicht beste Salatdressing? TV-Koch <a href=\"http:\/\/www.jpc.com.de\" target=\"_blank\" rel=\"noopener\">Jan-Philipp Cleusters<\/a> wei\u00df es und verr\u00e4t es bei einem Workshop im Bonner <a href=\"https:\/\/kochatelier-bonn.de\/\" target=\"_blank\" rel=\"noopener\">Kochatelier<\/a>. Zu dem hat <a href=\"http:\/\/www.grafschafter.de\" target=\"_blank\" rel=\"noopener\">Grafschafter<\/a> eingeladen, um zum einen den Abend, vor allem aber das Essen zu vers\u00fc\u00dfen.<!--more--><\/p>\n<p>Das geht zum einem mit Karamell, aber auch dem R\u00fcbenkraut &#8211; gern auch in Kombination mit Sojasauce, um herzhafte Gerichte wie Romanescopasta mit Asiagem\u00fcse und Kokos-Erdnusssauce (<a href=\"http:\/\/www.bonn-kocht.de\/?p=2018\">hier<\/a> das Rezept) in Kombination mit heller Sojasauce abzurunden.<\/p>\n<p>Was uns das Salz, ist dem Asiaten seine Sojaso\u00dfe. Cleusters schmeckt ab, erkl\u00e4rt und hat zwischendurch wie Koch- und Grillmeister Robert immer einen noch Spruch auf den Lippen. Da wird die Pasta schwungvoll durch die Pfanne geschwenkt, die letzte Himbeere f\u00fcr den Fototeller ins rechte Licht ger\u00fcckt. Cleusters erz\u00e4hlt, wie er schon mit 17 im Fernsehen um die Wette gekocht und das Finale der K\u00fcchenschlacht erreicht hat. Auch beim VOX-Kochchampion machte er mit und bekam Anerkennung von <span class=\"field-content\">Lea Linster und Johann Lafer. <\/span><\/p>\n<p><span class=\"field-content\">&#8220;Ich messe mich gerne mit anderen&#8221; sagt Cleusters, jetzt 25 Jahre alt. Viel unterwegs: auf Messen und bei Workshops, entwirft Gew\u00fcrzmischungen und schreibt dazu noch Kochb\u00fccher. Der M\u00fcnsteraner machte nach dem Abitur eine Lehre bei Zwei-Sterne-Koch Johannes King auf Sylt und machte dann Station im Hamburger Sternerestaurant Le Canard.<\/span><\/p>\n<div id=\"attachment_2043\" style=\"width: 310px\" class=\"wp-caption alignright\"><img aria-describedby=\"caption-attachment-2043\" decoding=\"async\" loading=\"lazy\" class=\"size-medium wp-image-2043\" src=\"http:\/\/www.bonn-kocht.de\/wp-content\/uploads\/2017\/09\/Kochatelier-90-300x200.jpg\" alt=\"\" width=\"300\" height=\"200\" srcset=\"http:\/\/www.bonn-kocht.de\/wp-content\/uploads\/2017\/09\/Kochatelier-90-300x200.jpg 300w, http:\/\/www.bonn-kocht.de\/wp-content\/uploads\/2017\/09\/Kochatelier-90-768x512.jpg 768w, http:\/\/www.bonn-kocht.de\/wp-content\/uploads\/2017\/09\/Kochatelier-90.jpg 1024w, http:\/\/www.bonn-kocht.de\/wp-content\/uploads\/2017\/09\/Kochatelier-90-450x300.jpg 450w\" sizes=\"(max-width: 300px) 100vw, 300px\" \/><p id=\"caption-attachment-2043\" class=\"wp-caption-text\">Auf jede Himbeere kommt es an.<\/p><\/div>\n<p>Jetzt nun ein Abend Kochatelier mit einer Horde lokaler Blogger, die nat\u00fcrlich mitschnippeln, -garen und anrichten. Als Leute vom Fach vielleicht ein durchaus kritisches Publikum, das aber schon beim ersten Gang, der <a href=\"http:\/\/www.bonn-kocht.de\/wp-content\/uploads\/2017\/09\/Superfood-Bowl.pdf\" target=\"_blank\" rel=\"noopener\">Superfood Bowl<\/a>, seine h\u00f6chste Anerkennung ausspricht: Die Mischung aus Quinoa, Salat, Mango, herrlich duftendem Zitronenthymian und Goldsaft samt Cashewkernen, Chili, Avocado und einigem mehr kann was. Genau wie die <a href=\"http:\/\/www.bonn-kocht.de\/?p=2018\">Pasta<\/a>, deren Zutaten mit Kokosmilch, Erdnussbutter und Karamell eigentlich viel S\u00fc\u00dfe zu versprechen scheint. Doch die dominiert gar nicht. Allerdings schon bei den <a href=\"http:\/\/www.bonn-kocht.de\/wp-content\/uploads\/2017\/09\/Himbeert\u00f6rtchen.pdf\" target=\"_blank\" rel=\"noopener\">Himbeert\u00f6rtchen mit Quark-Vanillecreme<\/a> &#8211; was sich so auch geh\u00f6rt.<\/p>\n<p><strong>Ein paar Tipps vom Fachmann:<\/strong><\/p>\n<p><strong>Zitronen<\/strong> vor dem Aufschneiden mit der Hand \u00fcber den Tisch rollen. &#8220;Da kommt viel mehr Saft raus&#8221;, sagt Cleusters. Halbieren und mit der Hand ausdr\u00fccken. &#8220;Eine Presse braucht kein Mensch.&#8221;<\/p>\n<p>Bei <strong>Kr\u00e4utern<\/strong> die Stiele mitverwenden, da aus ihnen jede Menge Geschmack kommt. &#8220;Einfach den M\u00f6rser nehmen und ein paarmal dr\u00fcberdr\u00fccken&#8221;, so der Koch. Das setze etwa beim Thymian die \u00d6le. Die Stengel dann ruhig mit den ungezupften Bl\u00e4ttchen mit in den Topf werfen. Die l\u00f6sen sich von allein, die ungenie\u00dfbaren Stiele lassen sich leicht rausfischen.<\/p>\n<p>Bei <strong>Oliven\u00f6l<\/strong> darf es gern ein bisschen mehr sein. &#8220;Immer die dreifache Menge verwenden, die im Rezept steht. Schmeckt besser&#8221;, sagt Cleusters. Also gern mit Schwung zugeben.<\/p>\n<p>Das beste <strong>Dressing<\/strong>: &#8220;Oliven\u00f6l, Zitronensaft und grobes Meersalz. Fertig&#8221;, erkl\u00e4rt der Koch. &#8220;Das ist perfekt.&#8221; Sei einfach simpel, zeitgem\u00e4\u00df. F\u00fcr den Geschmack kommt wie bei Gem\u00fcse noch eine Prise Zucker hinzu.<\/p>\n<p><strong>\r\n<div class=\"ngg-galleryoverview\" id=\"ngg-gallery-18-2026\">\r\n\r\n\t<!-- Slideshow link -->\r\n\t<div class=\"slideshowlink\">\r\n\t\t<a class=\"slideshowlink\" href=\"http:\/\/www.bonn-kocht.de\/?p=2026&amp;show=slide\">\r\n\t\t\t[Show as slideshow]\t\t<\/a>\r\n\t<\/div>\r\n\r\n\t\r\n\t<!-- Thumbnails -->\r\n\t\t\r\n\t<div id=\"ngg-image-136\" class=\"ngg-gallery-thumbnail-box\"  >\r\n\t\t<div class=\"ngg-gallery-thumbnail\" >\r\n\t\t\t<a href=\"http:\/\/www.bonn-kocht.de\/wp-content\/gallery\/kochen-mit-vleusters\/kochatelier-06.jpg\" title=\" \" class=\"shutterset_set_18\" >\r\n\t\t\t\t\t\t\t\t<img title=\"kochatelier-06\" alt=\"kochatelier-06\" src=\"http:\/\/www.bonn-kocht.de\/wp-content\/gallery\/kochen-mit-vleusters\/thumbs\/thumbs_kochatelier-06.jpg\" width=\"100\" height=\"75\" \/>\r\n\t\t\t\t\t\t\t<\/a>\r\n\t\t<\/div>\r\n\t<\/div>\r\n\t\r\n\t\t\r\n \t\t\r\n\t<div id=\"ngg-image-137\" class=\"ngg-gallery-thumbnail-box\"  >\r\n\t\t<div class=\"ngg-gallery-thumbnail\" >\r\n\t\t\t<a href=\"http:\/\/www.bonn-kocht.de\/wp-content\/gallery\/kochen-mit-vleusters\/kochatelier-07.jpg\" title=\" \" class=\"shutterset_set_18\" >\r\n\t\t\t\t\t\t\t\t<img title=\"kochatelier-07\" alt=\"kochatelier-07\" src=\"http:\/\/www.bonn-kocht.de\/wp-content\/gallery\/kochen-mit-vleusters\/thumbs\/thumbs_kochatelier-07.jpg\" width=\"100\" height=\"75\" \/>\r\n\t\t\t\t\t\t\t<\/a>\r\n\t\t<\/div>\r\n\t<\/div>\r\n\t\r\n\t\t\r\n \t\t\r\n\t<div id=\"ngg-image-138\" class=\"ngg-gallery-thumbnail-box\"  >\r\n\t\t<div class=\"ngg-gallery-thumbnail\" >\r\n\t\t\t<a href=\"http:\/\/www.bonn-kocht.de\/wp-content\/gallery\/kochen-mit-vleusters\/kochatelier-08.jpg\" title=\" \" class=\"shutterset_set_18\" >\r\n\t\t\t\t\t\t\t\t<img title=\"kochatelier-08\" alt=\"kochatelier-08\" src=\"http:\/\/www.bonn-kocht.de\/wp-content\/gallery\/kochen-mit-vleusters\/thumbs\/thumbs_kochatelier-08.jpg\" width=\"100\" height=\"75\" \/>\r\n\t\t\t\t\t\t\t<\/a>\r\n\t\t<\/div>\r\n\t<\/div>\r\n\t\r\n\t\t\r\n \t\t\r\n\t<div id=\"ngg-image-139\" class=\"ngg-gallery-thumbnail-box\"  >\r\n\t\t<div class=\"ngg-gallery-thumbnail\" >\r\n\t\t\t<a href=\"http:\/\/www.bonn-kocht.de\/wp-content\/gallery\/kochen-mit-vleusters\/kochatelier-102.jpg\" title=\" \" class=\"shutterset_set_18\" >\r\n\t\t\t\t\t\t\t\t<img title=\"kochatelier-102\" alt=\"kochatelier-102\" src=\"http:\/\/www.bonn-kocht.de\/wp-content\/gallery\/kochen-mit-vleusters\/thumbs\/thumbs_kochatelier-102.jpg\" width=\"100\" height=\"75\" \/>\r\n\t\t\t\t\t\t\t<\/a>\r\n\t\t<\/div>\r\n\t<\/div>\r\n\t\r\n\t\t\r\n \t\t\r\n\t<div id=\"ngg-image-140\" class=\"ngg-gallery-thumbnail-box\"  >\r\n\t\t<div class=\"ngg-gallery-thumbnail\" >\r\n\t\t\t<a href=\"http:\/\/www.bonn-kocht.de\/wp-content\/gallery\/kochen-mit-vleusters\/kochatelier-105.jpg\" title=\" \" class=\"shutterset_set_18\" >\r\n\t\t\t\t\t\t\t\t<img title=\"kochatelier-105\" alt=\"kochatelier-105\" src=\"http:\/\/www.bonn-kocht.de\/wp-content\/gallery\/kochen-mit-vleusters\/thumbs\/thumbs_kochatelier-105.jpg\" width=\"100\" height=\"75\" \/>\r\n\t\t\t\t\t\t\t<\/a>\r\n\t\t<\/div>\r\n\t<\/div>\r\n\t\r\n\t\t\r\n \t\t\r\n\t<div id=\"ngg-image-141\" class=\"ngg-gallery-thumbnail-box\"  >\r\n\t\t<div class=\"ngg-gallery-thumbnail\" >\r\n\t\t\t<a href=\"http:\/\/www.bonn-kocht.de\/wp-content\/gallery\/kochen-mit-vleusters\/kochatelier-109.jpg\" title=\" \" class=\"shutterset_set_18\" >\r\n\t\t\t\t\t\t\t\t<img title=\"kochatelier-109\" alt=\"kochatelier-109\" src=\"http:\/\/www.bonn-kocht.de\/wp-content\/gallery\/kochen-mit-vleusters\/thumbs\/thumbs_kochatelier-109.jpg\" width=\"100\" height=\"75\" \/>\r\n\t\t\t\t\t\t\t<\/a>\r\n\t\t<\/div>\r\n\t<\/div>\r\n\t\r\n\t\t\r\n \t\t\r\n\t<div id=\"ngg-image-142\" class=\"ngg-gallery-thumbnail-box\"  >\r\n\t\t<div class=\"ngg-gallery-thumbnail\" >\r\n\t\t\t<a href=\"http:\/\/www.bonn-kocht.de\/wp-content\/gallery\/kochen-mit-vleusters\/kochatelier-28.jpg\" title=\" \" class=\"shutterset_set_18\" >\r\n\t\t\t\t\t\t\t\t<img title=\"kochatelier-28\" alt=\"kochatelier-28\" src=\"http:\/\/www.bonn-kocht.de\/wp-content\/gallery\/kochen-mit-vleusters\/thumbs\/thumbs_kochatelier-28.jpg\" width=\"100\" height=\"75\" \/>\r\n\t\t\t\t\t\t\t<\/a>\r\n\t\t<\/div>\r\n\t<\/div>\r\n\t\r\n\t\t\r\n \t\t\r\n\t<div id=\"ngg-image-143\" class=\"ngg-gallery-thumbnail-box\"  >\r\n\t\t<div class=\"ngg-gallery-thumbnail\" >\r\n\t\t\t<a href=\"http:\/\/www.bonn-kocht.de\/wp-content\/gallery\/kochen-mit-vleusters\/kochatelier-34.jpg\" title=\" \" class=\"shutterset_set_18\" >\r\n\t\t\t\t\t\t\t\t<img title=\"kochatelier-34\" alt=\"kochatelier-34\" src=\"http:\/\/www.bonn-kocht.de\/wp-content\/gallery\/kochen-mit-vleusters\/thumbs\/thumbs_kochatelier-34.jpg\" width=\"100\" height=\"75\" \/>\r\n\t\t\t\t\t\t\t<\/a>\r\n\t\t<\/div>\r\n\t<\/div>\r\n\t\r\n\t\t\r\n \t\t\r\n\t<div id=\"ngg-image-144\" class=\"ngg-gallery-thumbnail-box\"  >\r\n\t\t<div class=\"ngg-gallery-thumbnail\" >\r\n\t\t\t<a href=\"http:\/\/www.bonn-kocht.de\/wp-content\/gallery\/kochen-mit-vleusters\/kochatelier-47.jpg\" title=\" \" class=\"shutterset_set_18\" >\r\n\t\t\t\t\t\t\t\t<img title=\"kochatelier-47\" alt=\"kochatelier-47\" src=\"http:\/\/www.bonn-kocht.de\/wp-content\/gallery\/kochen-mit-vleusters\/thumbs\/thumbs_kochatelier-47.jpg\" width=\"100\" height=\"75\" \/>\r\n\t\t\t\t\t\t\t<\/a>\r\n\t\t<\/div>\r\n\t<\/div>\r\n\t\r\n\t\t\r\n \t\t\r\n\t<div id=\"ngg-image-145\" class=\"ngg-gallery-thumbnail-box\"  >\r\n\t\t<div class=\"ngg-gallery-thumbnail\" >\r\n\t\t\t<a href=\"http:\/\/www.bonn-kocht.de\/wp-content\/gallery\/kochen-mit-vleusters\/kochatelier-63.jpg\" title=\" \" class=\"shutterset_set_18\" >\r\n\t\t\t\t\t\t\t\t<img title=\"kochatelier-63\" alt=\"kochatelier-63\" src=\"http:\/\/www.bonn-kocht.de\/wp-content\/gallery\/kochen-mit-vleusters\/thumbs\/thumbs_kochatelier-63.jpg\" width=\"100\" height=\"75\" \/>\r\n\t\t\t\t\t\t\t<\/a>\r\n\t\t<\/div>\r\n\t<\/div>\r\n\t\r\n\t\t\r\n \t\t\r\n\t<div id=\"ngg-image-146\" class=\"ngg-gallery-thumbnail-box\"  >\r\n\t\t<div class=\"ngg-gallery-thumbnail\" >\r\n\t\t\t<a href=\"http:\/\/www.bonn-kocht.de\/wp-content\/gallery\/kochen-mit-vleusters\/kochatelier-75.jpg\" title=\" \" class=\"shutterset_set_18\" >\r\n\t\t\t\t\t\t\t\t<img title=\"kochatelier-75\" alt=\"kochatelier-75\" src=\"http:\/\/www.bonn-kocht.de\/wp-content\/gallery\/kochen-mit-vleusters\/thumbs\/thumbs_kochatelier-75.jpg\" width=\"100\" height=\"75\" \/>\r\n\t\t\t\t\t\t\t<\/a>\r\n\t\t<\/div>\r\n\t<\/div>\r\n\t\r\n\t\t\r\n \t\t\r\n\t<div id=\"ngg-image-147\" class=\"ngg-gallery-thumbnail-box\"  >\r\n\t\t<div class=\"ngg-gallery-thumbnail\" >\r\n\t\t\t<a href=\"http:\/\/www.bonn-kocht.de\/wp-content\/gallery\/kochen-mit-vleusters\/kochatelier-79.jpg\" title=\" \" class=\"shutterset_set_18\" >\r\n\t\t\t\t\t\t\t\t<img title=\"kochatelier-79\" alt=\"kochatelier-79\" src=\"http:\/\/www.bonn-kocht.de\/wp-content\/gallery\/kochen-mit-vleusters\/thumbs\/thumbs_kochatelier-79.jpg\" width=\"100\" height=\"75\" \/>\r\n\t\t\t\t\t\t\t<\/a>\r\n\t\t<\/div>\r\n\t<\/div>\r\n\t\r\n\t\t\r\n \t\t\r\n\t<div id=\"ngg-image-148\" class=\"ngg-gallery-thumbnail-box\"  >\r\n\t\t<div class=\"ngg-gallery-thumbnail\" >\r\n\t\t\t<a href=\"http:\/\/www.bonn-kocht.de\/wp-content\/gallery\/kochen-mit-vleusters\/kochatelier-81.jpg\" title=\" \" class=\"shutterset_set_18\" >\r\n\t\t\t\t\t\t\t\t<img title=\"kochatelier-81\" alt=\"kochatelier-81\" src=\"http:\/\/www.bonn-kocht.de\/wp-content\/gallery\/kochen-mit-vleusters\/thumbs\/thumbs_kochatelier-81.jpg\" width=\"100\" height=\"75\" \/>\r\n\t\t\t\t\t\t\t<\/a>\r\n\t\t<\/div>\r\n\t<\/div>\r\n\t\r\n\t\t\r\n \t\t\r\n\t<div id=\"ngg-image-149\" class=\"ngg-gallery-thumbnail-box\"  >\r\n\t\t<div class=\"ngg-gallery-thumbnail\" >\r\n\t\t\t<a href=\"http:\/\/www.bonn-kocht.de\/wp-content\/gallery\/kochen-mit-vleusters\/kochatelier-86.jpg\" title=\" \" class=\"shutterset_set_18\" >\r\n\t\t\t\t\t\t\t\t<img title=\"kochatelier-86\" alt=\"kochatelier-86\" src=\"http:\/\/www.bonn-kocht.de\/wp-content\/gallery\/kochen-mit-vleusters\/thumbs\/thumbs_kochatelier-86.jpg\" width=\"100\" height=\"75\" \/>\r\n\t\t\t\t\t\t\t<\/a>\r\n\t\t<\/div>\r\n\t<\/div>\r\n\t\r\n\t\t\r\n \t \t\r\n\t<!-- Pagination -->\r\n \t<div class='ngg-clear'><\/div>\n \t\r\n<\/div>\r\n\r\n<\/strong><\/p>\n<p><strong>Mit auf der G\u00e4steliste des Workshops<\/strong> &#8211; deren Seiten sind immer ein Besuch wert:<\/p>\n<p><a href=\"http:\/\/www.kuechenjunge.com\" target=\"_blank\" rel=\"noopener\">K\u00fcchenjunge<\/a>, <a href=\"http:\/\/sandraskochblog.de\/\" target=\"_blank\" rel=\"noopener\">Sandras Kochblog<\/a>, <a href=\"http:\/\/www.schnippeln-und-kochen.de\/\" target=\"_blank\" rel=\"noopener\">Schnippeln und Kochen<\/a>, <a href=\"https:\/\/www.moeyskitchen.com\/\" target=\"_blank\" rel=\"noopener\">Moey&#8217;s Kitchen<\/a>, <a href=\"http:\/\/www.kleine-feine-koestlichkeiten.de\/\" target=\"_blank\" rel=\"noopener\">Kleine feine K\u00f6stlichkeiten<\/a>, <a href=\"http:\/\/genaugreta.de\/\" target=\"_blank\" rel=\"noopener\">Genau Greta<\/a>, <a href=\"http:\/\/bonngehtessen.de\/\" target=\"_blank\" rel=\"noopener\">Bonn geht essen<\/a> und <a href=\"http:\/\/pastasciuttablog.blogspot.de\/\" target=\"_blank\" rel=\"noopener\">pastasciutta.de<\/a>.<\/p>\n","protected":false},"excerpt":{"rendered":"<p>Wie kommt der meiste Saft aus der Zitrone? Wie bringen Kr\u00e4uter erst wirklich Geschmack? Wie geht das einfachste und dabei vielleicht beste Salatdressing? TV-Koch Jan-Philipp Cleusters wei\u00df es und verr\u00e4t es bei einem Workshop im Bonner Kochatelier. Zu dem hat &hellip; <a href=\"http:\/\/www.bonn-kocht.de\/?p=2026\">Weiterlesen <span class=\"meta-nav\">&rarr;<\/span><\/a><\/p>\n","protected":false},"author":2,"featured_media":0,"comment_status":"open","ping_status":"open","sticky":false,"template":"","format":"standard","meta":{"_coblocks_attr":"","_coblocks_dimensions":"","_coblocks_responsive_height":"","_coblocks_accordion_ie_support":"","om_disable_all_campaigns":false,"_monsterinsights_skip_tracking":false,"_monsterinsights_sitenote_active":false,"_monsterinsights_sitenote_note":"","_monsterinsights_sitenote_category":0,"_s2mail":"yes"},"categories":[1,10,8],"tags":[],"aioseo_notices":[],"_links":{"self":[{"href":"http:\/\/www.bonn-kocht.de\/index.php?rest_route=\/wp\/v2\/posts\/2026"}],"collection":[{"href":"http:\/\/www.bonn-kocht.de\/index.php?rest_route=\/wp\/v2\/posts"}],"about":[{"href":"http:\/\/www.bonn-kocht.de\/index.php?rest_route=\/wp\/v2\/types\/post"}],"author":[{"embeddable":true,"href":"http:\/\/www.bonn-kocht.de\/index.php?rest_route=\/wp\/v2\/users\/2"}],"replies":[{"embeddable":true,"href":"http:\/\/www.bonn-kocht.de\/index.php?rest_route=%2Fwp%2Fv2%2Fcomments&post=2026"}],"version-history":[{"count":18,"href":"http:\/\/www.bonn-kocht.de\/index.php?rest_route=\/wp\/v2\/posts\/2026\/revisions"}],"predecessor-version":[{"id":2090,"href":"http:\/\/www.bonn-kocht.de\/index.php?rest_route=\/wp\/v2\/posts\/2026\/revisions\/2090"}],"wp:attachment":[{"href":"http:\/\/www.bonn-kocht.de\/index.php?rest_route=%2Fwp%2Fv2%2Fmedia&parent=2026"}],"wp:term":[{"taxonomy":"category","embeddable":true,"href":"http:\/\/www.bonn-kocht.de\/index.php?rest_route=%2Fwp%2Fv2%2Fcategories&post=2026"},{"taxonomy":"post_tag","embeddable":true,"href":"http:\/\/www.bonn-kocht.de\/index.php?rest_route=%2Fwp%2Fv2%2Ftags&post=2026"}],"curies":[{"name":"wp","href":"https:\/\/api.w.org\/{rel}","templated":true}]}}