{"id":2018,"date":"2017-09-28T06:46:49","date_gmt":"2017-09-28T06:46:49","guid":{"rendered":"http:\/\/www.bonn-kocht.de\/?p=2018"},"modified":"2017-09-28T06:53:51","modified_gmt":"2017-09-28T06:53:51","slug":"rezept-romanescopasta-mit-asiagemuese-und-kokos-erdnusssauce","status":"publish","type":"post","link":"http:\/\/www.bonn-kocht.de\/?p=2018","title":{"rendered":"Rezept: Romanescopasta mit Asiagem\u00fcse und Kokos-Erdnusssauce"},"content":{"rendered":"<div id=\"attachment_2017\" style=\"width: 1034px\" class=\"wp-caption aligncenter\"><img aria-describedby=\"caption-attachment-2017\" decoding=\"async\" loading=\"lazy\" class=\"size-full wp-image-2017\" src=\"http:\/\/www.bonn-kocht.de\/wp-content\/uploads\/2017\/09\/Kochatelier-86.jpg\" alt=\"\" width=\"1024\" height=\"683\" srcset=\"http:\/\/www.bonn-kocht.de\/wp-content\/uploads\/2017\/09\/Kochatelier-86.jpg 1024w, http:\/\/www.bonn-kocht.de\/wp-content\/uploads\/2017\/09\/Kochatelier-86-300x200.jpg 300w, http:\/\/www.bonn-kocht.de\/wp-content\/uploads\/2017\/09\/Kochatelier-86-768x512.jpg 768w, http:\/\/www.bonn-kocht.de\/wp-content\/uploads\/2017\/09\/Kochatelier-86-450x300.jpg 450w\" sizes=\"(max-width: 1024px) 100vw, 1024px\" \/><p id=\"caption-attachment-2017\" class=\"wp-caption-text\">Die Nudeln verstecken sich unter dem Bunten.<\/p><\/div>\n<p>Nudeln, Erdnusscreme und Karamell: H\u00f6rt sich fast wie eine S\u00fc\u00dfspeise an. Doch so gehaltvoll diese Hauptspeise auch dank der Kokosmilch ist, schmeckt sie so gar nicht wie ein Nachtisch. Im Gegenteil, Zucker und Sojasauce erg\u00e4nzen sich, die Limette gibt eine feine S\u00e4ure \u2013 abgerundet mit dem Asiagem\u00fcse. Ein Rezept von TV-Koch und Buchautor <a href=\"http:\/\/www.jpc.com.de\/\" target=\"_blank\" rel=\"noopener\">Jan-Philipp Cleusters<\/a>, das er beim <a href=\"http:\/\/www.grafschafter.de\/\" target=\"_blank\" rel=\"noopener\">Grafschafter<\/a> Workshop im Bonner <a href=\"https:\/\/kochatelier-bonn.de\/\" target=\"_blank\" rel=\"noopener\">Kochatelier<\/a> vorgestellt hat.<!--more--><\/p>\n<p><strong>Zutaten f\u00fcr 6 Personen:<br \/>\n<\/strong>750 g Vollkorn-Penne<br \/>\n1 Romanesco<br \/>\n3 Hand voll Asiagem\u00fcse (Baby-Mais, Baby-Karotten, Baby-Fr\u00fchlingszwiebeln, Zuckerschoten, Sojasprossen)<br \/>\n300 ml Kokosmilch<br \/>\n750 ml Gem\u00fcsefond<br \/>\n6 EL Erdnusscreme<br \/>\n6 EL fl\u00fcssiger Karamell (Grafschafter)<br \/>\nSaft einer halben Limette<br \/>\n6 EL helle Sojasauce<br \/>\n1 EL Sambal Oelek<br \/>\n2 EL Oliven\u00f6l<br \/>\n4 Stiele Petersilie, glatt<\/p>\n<p>Topf mit Wasser zum Kochen bringen, gro\u00dfz\u00fcgig Salz zugeben und die Vollkorn-Penne etwa acht bis zehn Minuten bissfest garen. Den Romanseco putzen, waschen und in R\u00f6schen schneiden. Einen weiteren Topf mit Wasser zum Kochen bringen, gro\u00dfz\u00fcgig Salz und etwas Zucker zugeben und den Romanesco sowie die weiteren Gem\u00fcsesorten nach und nach darin f\u00fcr wenige Minuten bissfest blanchieren. In Eiswasser abschrecken, um den Garprozess zu stoppen.<\/p>\n<p>In einem mittelgro\u00dfen Topf die Kokosmilch zum Kochen bringen, Erdnusscreme bei mittlerer Hitze etwa f\u00fcnf Minuten einkochen lassen, bis eine Bindung erkennbar ist. Gem\u00fcsefond hinzugeben. Diesen Ansatz mit Karamell, Limettensaft, Sojasauce und Sambal Oelek pikant abschmecken.<\/p>\n<p><img decoding=\"async\" loading=\"lazy\" class=\"alignleft size-medium wp-image-2021\" src=\"http:\/\/www.bonn-kocht.de\/wp-content\/uploads\/2017\/09\/Kochatelier-39_02-300x260.jpg\" alt=\"\" width=\"300\" height=\"260\" srcset=\"http:\/\/www.bonn-kocht.de\/wp-content\/uploads\/2017\/09\/Kochatelier-39_02-300x260.jpg 300w, http:\/\/www.bonn-kocht.de\/wp-content\/uploads\/2017\/09\/Kochatelier-39_02-768x665.jpg 768w, http:\/\/www.bonn-kocht.de\/wp-content\/uploads\/2017\/09\/Kochatelier-39_02.jpg 1024w, http:\/\/www.bonn-kocht.de\/wp-content\/uploads\/2017\/09\/Kochatelier-39_02-347x300.jpg 347w\" sizes=\"(max-width: 300px) 100vw, 300px\" \/>In der Zwischenzeit eine gro\u00dfe Pfanne mit zwei Essl\u00f6ffel Oliven\u00f6l (oder was mehr\u2026 Originalton Cleusters: \u201eNehmt immer die dreifache Menge aus dem Rezept. Das schmeckt besser\u201c) auf mittlerer Stufe erhitzen und darin das Gem\u00fcse, beginnend mit den festeren Gem\u00fcsesorten, f\u00fcr wenige Minuten braten. Schlie\u00dflich die weicheren Gem\u00fcsesorten, wie Zuckerschoten, Sojasprossen zugeben und ein bis zwei weitere Minuten bissfest garen. Zuletzt die Vollkorn-Penne zugeben und alles gut miteinander vermischen.<\/p>\n<p>Die Kokos-Erdnusssauce den Gem\u00fcsenudeln zugeben und mit grob gehackter Petersilie verfeinern.<\/p>\n","protected":false},"excerpt":{"rendered":"<p>Nudeln, Erdnusscreme und Karamell: H\u00f6rt sich fast wie eine S\u00fc\u00dfspeise an. Doch so gehaltvoll diese Hauptspeise auch dank der Kokosmilch ist, schmeckt sie so gar nicht wie ein Nachtisch. Im Gegenteil, Zucker und Sojasauce erg\u00e4nzen sich, die Limette gibt eine &hellip; <a href=\"http:\/\/www.bonn-kocht.de\/?p=2018\">Weiterlesen <span class=\"meta-nav\">&rarr;<\/span><\/a><\/p>\n","protected":false},"author":2,"featured_media":0,"comment_status":"open","ping_status":"open","sticky":false,"template":"","format":"standard","meta":{"_coblocks_attr":"","_coblocks_dimensions":"","_coblocks_responsive_height":"","_coblocks_accordion_ie_support":"","om_disable_all_campaigns":false,"_monsterinsights_skip_tracking":false,"_monsterinsights_sitenote_active":false,"_monsterinsights_sitenote_note":"","_monsterinsights_sitenote_category":0,"_s2mail":""},"categories":[1,8,49,47],"tags":[210,15,172,209,207,208,39,206],"aioseo_notices":[],"_links":{"self":[{"href":"http:\/\/www.bonn-kocht.de\/index.php?rest_route=\/wp\/v2\/posts\/2018"}],"collection":[{"href":"http:\/\/www.bonn-kocht.de\/index.php?rest_route=\/wp\/v2\/posts"}],"about":[{"href":"http:\/\/www.bonn-kocht.de\/index.php?rest_route=\/wp\/v2\/types\/post"}],"author":[{"embeddable":true,"href":"http:\/\/www.bonn-kocht.de\/index.php?rest_route=\/wp\/v2\/users\/2"}],"replies":[{"embeddable":true,"href":"http:\/\/www.bonn-kocht.de\/index.php?rest_route=%2Fwp%2Fv2%2Fcomments&post=2018"}],"version-history":[{"count":6,"href":"http:\/\/www.bonn-kocht.de\/index.php?rest_route=\/wp\/v2\/posts\/2018\/revisions"}],"predecessor-version":[{"id":2032,"href":"http:\/\/www.bonn-kocht.de\/index.php?rest_route=\/wp\/v2\/posts\/2018\/revisions\/2032"}],"wp:attachment":[{"href":"http:\/\/www.bonn-kocht.de\/index.php?rest_route=%2Fwp%2Fv2%2Fmedia&parent=2018"}],"wp:term":[{"taxonomy":"category","embeddable":true,"href":"http:\/\/www.bonn-kocht.de\/index.php?rest_route=%2Fwp%2Fv2%2Fcategories&post=2018"},{"taxonomy":"post_tag","embeddable":true,"href":"http:\/\/www.bonn-kocht.de\/index.php?rest_route=%2Fwp%2Fv2%2Ftags&post=2018"}],"curies":[{"name":"wp","href":"https:\/\/api.w.org\/{rel}","templated":true}]}}