{"id":1936,"date":"2016-08-14T10:11:16","date_gmt":"2016-08-14T10:11:16","guid":{"rendered":"http:\/\/www.bonn-kocht.de\/?p=1936"},"modified":"2016-08-14T10:28:05","modified_gmt":"2016-08-14T10:28:05","slug":"eiskalte-austern-am-hafen","status":"publish","type":"post","link":"http:\/\/www.bonn-kocht.de\/?p=1936","title":{"rendered":"Eiskalte Austern am Hafen"},"content":{"rendered":"<div id=\"attachment_1944\" style=\"width: 1034px\" class=\"wp-caption aligncenter\"><img aria-describedby=\"caption-attachment-1944\" decoding=\"async\" loading=\"lazy\" class=\"size-full wp-image-1944\" src=\"http:\/\/www.bonn-kocht.de\/wp-content\/uploads\/2016\/08\/Eisdiele-La-Martiniere-Ile-de-Re-08.jpg\" alt=\"Ab in den Schatten.\" width=\"1024\" height=\"683\" srcset=\"http:\/\/www.bonn-kocht.de\/wp-content\/uploads\/2016\/08\/Eisdiele-La-Martiniere-Ile-de-Re-08.jpg 1024w, http:\/\/www.bonn-kocht.de\/wp-content\/uploads\/2016\/08\/Eisdiele-La-Martiniere-Ile-de-Re-08-300x200.jpg 300w, http:\/\/www.bonn-kocht.de\/wp-content\/uploads\/2016\/08\/Eisdiele-La-Martiniere-Ile-de-Re-08-768x512.jpg 768w, http:\/\/www.bonn-kocht.de\/wp-content\/uploads\/2016\/08\/Eisdiele-La-Martiniere-Ile-de-Re-08-450x300.jpg 450w\" sizes=\"(max-width: 1024px) 100vw, 1024px\" \/><p id=\"caption-attachment-1944\" class=\"wp-caption-text\">Ab in den Schatten.<\/p><\/div>\n<p>\u201eDiese Eisdiele m\u00fcssen Sie unbedingt ausprobieren.\u201c Franzosen und gutes Eis? Kann das jenseits von Italien gut gehen? Auf der \u00cele de R\u00e9 am Atlantik soll es bei La Martini\u00e8re so sein, wenn man den Einheimischen glauben kann. \u201eDer Laden in Saint-Martin-de-R\u00e9 ist gar nicht zu verfehlen. Er ist da, wo die meisten Leute anstehen.\u201c Das Besondere ist aber nicht der Geschmack von Erdbeer, Schoko und Vanille, sondern es sind die wirklich abgefahrenen Sorten \u2013 mal s\u00fc\u00df in Kombination mit scharf, w\u00fcrzig oder salzig. Oder \u00e4u\u00dferst mutig (und gew\u00f6hnungsbed\u00fcrftig)\u2026<!--more--><\/p>\n<p>Kommen wir zu Letzterem. Da ist doch tats\u00e4chlich \u201eAustern mit Kaviar\u201c im Angebot. Wer sich gleich eine ganze Kugel bestellt \u2013 und die sind f\u00fcr ihren stolzen Preis aber auch \u00fcppig \u2013 muss wohl schmerzfrei sein. Zum Gl\u00fcck lassen die freundlichen Verk\u00e4ufer einen auch mit dem L\u00f6ffelchen probieren (was \u00fcbrigens hinterher beim Essen auf der Waffel in der Sonne sehr hilfreich ist). Wie schmeckt es wohl? \u201eAlso schon sehr nach Austern\u201c, sagt die Eisfrau. Das stimmt, salzig und fischig. Too much. \u201eDas machen die nur f\u00fcr die Pariser\u201c, vermutet ein Skipper.<\/p>\n<p>Das w\u00e4re es dann mit dem Negativen. Viele anderen Sorten schmecken einfach himmlisch, wie das \u201eCaramel fleur de sel\u201c \u2013 salziges Butterkaramell. Das m\u00fcsste zu Hause wirklich mal in die Eismaschine. Mehr dazu <a href=\"http:\/\/www.ziiikocht.at\/2012\/10\/glace-caramel-au-beurre-sale-salziges.html\" target=\"_blank\">Eisrezept<\/a>.<\/p>\n<p>Beim Thai-Sorbet kommt toll die Zitronengraskomponente durch, Melone ist \u00e4u\u00dferst fruchtig. Auch Pistazie gl\u00e4nzt, an dem man \u00fcbrigens laut eines Bonner Italiener eine gute Eisdiele erkennen soll. Innerhalb der Mischkalkulation ist es wegen der Kerne die teuerste Sorte. Wer da sparen will, geht Einbu\u00dfen beim Geschmack ein.<\/p>\n<p><strong>\r\n<div class=\"ngg-galleryoverview\" id=\"ngg-gallery-16-1936\">\r\n\r\n\t<!-- Slideshow link -->\r\n\t<div class=\"slideshowlink\">\r\n\t\t<a class=\"slideshowlink\" href=\"http:\/\/www.bonn-kocht.de\/?p=1936&amp;show=slide\">\r\n\t\t\t[Show as slideshow]\t\t<\/a>\r\n\t<\/div>\r\n\r\n\t\r\n\t<!-- Thumbnails -->\r\n\t\t\r\n\t<div id=\"ngg-image-107\" class=\"ngg-gallery-thumbnail-box\"  >\r\n\t\t<div class=\"ngg-gallery-thumbnail\" >\r\n\t\t\t<a href=\"http:\/\/www.bonn-kocht.de\/wp-content\/gallery\/eisdiele-ile-der-re\/eisdiele-la-martiniere-ile-de-re-01_01.jpg\" title=\"Hinten anstellen.\" class=\"shutterset_set_16\" >\r\n\t\t\t\t\t\t\t\t<img title=\"eisdiele-la-martiniere-ile-de-re-01_01\" alt=\"eisdiele-la-martiniere-ile-de-re-01_01\" src=\"http:\/\/www.bonn-kocht.de\/wp-content\/gallery\/eisdiele-ile-der-re\/thumbs\/thumbs_eisdiele-la-martiniere-ile-de-re-01_01.jpg\" width=\"100\" height=\"75\" \/>\r\n\t\t\t\t\t\t\t<\/a>\r\n\t\t<\/div>\r\n\t<\/div>\r\n\t\r\n\t\t\r\n \t\t\r\n\t<div id=\"ngg-image-108\" class=\"ngg-gallery-thumbnail-box\"  >\r\n\t\t<div class=\"ngg-gallery-thumbnail\" >\r\n\t\t\t<a href=\"http:\/\/www.bonn-kocht.de\/wp-content\/gallery\/eisdiele-ile-der-re\/eisdiele-la-martiniere-ile-de-re-05_01.jpg\" title=\"Was darf es sonst noch sein?\" class=\"shutterset_set_16\" >\r\n\t\t\t\t\t\t\t\t<img title=\"eisdiele-la-martiniere-ile-de-re-05_01\" alt=\"eisdiele-la-martiniere-ile-de-re-05_01\" src=\"http:\/\/www.bonn-kocht.de\/wp-content\/gallery\/eisdiele-ile-der-re\/thumbs\/thumbs_eisdiele-la-martiniere-ile-de-re-05_01.jpg\" width=\"100\" height=\"75\" \/>\r\n\t\t\t\t\t\t\t<\/a>\r\n\t\t<\/div>\r\n\t<\/div>\r\n\t\r\n\t\t\r\n \t\t\r\n\t<div id=\"ngg-image-109\" class=\"ngg-gallery-thumbnail-box\"  >\r\n\t\t<div class=\"ngg-gallery-thumbnail\" >\r\n\t\t\t<a href=\"http:\/\/www.bonn-kocht.de\/wp-content\/gallery\/eisdiele-ile-der-re\/eisdiele-la-martiniere-ile-de-re-07.jpg\" title=\"Gute Beratung.\" class=\"shutterset_set_16\" >\r\n\t\t\t\t\t\t\t\t<img title=\"eisdiele-la-martiniere-ile-de-re-07\" alt=\"eisdiele-la-martiniere-ile-de-re-07\" src=\"http:\/\/www.bonn-kocht.de\/wp-content\/gallery\/eisdiele-ile-der-re\/thumbs\/thumbs_eisdiele-la-martiniere-ile-de-re-07.jpg\" width=\"100\" height=\"75\" \/>\r\n\t\t\t\t\t\t\t<\/a>\r\n\t\t<\/div>\r\n\t<\/div>\r\n\t\r\n\t\t\r\n \t\t\r\n\t<div id=\"ngg-image-112\" class=\"ngg-gallery-thumbnail-box\"  >\r\n\t\t<div class=\"ngg-gallery-thumbnail\" >\r\n\t\t\t<a href=\"http:\/\/www.bonn-kocht.de\/wp-content\/gallery\/eisdiele-ile-der-re\/eisdiele-la-martiniere-ile-de-re-11a.jpg\" title=\"Lakritz, Thai und Spekulatius. Heimische Kartoffeln mit Karamell. Vanille mit Pekannuss oder doch lieber Austern mit Kaviar?\" class=\"shutterset_set_16\" >\r\n\t\t\t\t\t\t\t\t<img title=\"eisdiele-la-martiniere-ile-de-re-11a\" alt=\"eisdiele-la-martiniere-ile-de-re-11a\" src=\"http:\/\/www.bonn-kocht.de\/wp-content\/gallery\/eisdiele-ile-der-re\/thumbs\/thumbs_eisdiele-la-martiniere-ile-de-re-11a.jpg\" width=\"100\" height=\"75\" \/>\r\n\t\t\t\t\t\t\t<\/a>\r\n\t\t<\/div>\r\n\t<\/div>\r\n\t\r\n\t\t\r\n \t\t\r\n\t<div id=\"ngg-image-110\" class=\"ngg-gallery-thumbnail-box\"  >\r\n\t\t<div class=\"ngg-gallery-thumbnail\" >\r\n\t\t\t<a href=\"http:\/\/www.bonn-kocht.de\/wp-content\/gallery\/eisdiele-ile-der-re\/eisdiele-la-martiniere-ile-de-re-10.jpg\" title=\"Die Macaron-Theke.\" class=\"shutterset_set_16\" >\r\n\t\t\t\t\t\t\t\t<img title=\"eisdiele-la-martiniere-ile-de-re-10\" alt=\"eisdiele-la-martiniere-ile-de-re-10\" src=\"http:\/\/www.bonn-kocht.de\/wp-content\/gallery\/eisdiele-ile-der-re\/thumbs\/thumbs_eisdiele-la-martiniere-ile-de-re-10.jpg\" width=\"100\" height=\"75\" \/>\r\n\t\t\t\t\t\t\t<\/a>\r\n\t\t<\/div>\r\n\t<\/div>\r\n\t\r\n\t\t\r\n \t\t\r\n\t<div id=\"ngg-image-111\" class=\"ngg-gallery-thumbnail-box\"  >\r\n\t\t<div class=\"ngg-gallery-thumbnail\" >\r\n\t\t\t<a href=\"http:\/\/www.bonn-kocht.de\/wp-content\/gallery\/eisdiele-ile-der-re\/eisdiele-la-martiniere-ile-de-re-11.jpg\" title=\"Macarons mit Eis und Sorbet gef\u00fcllt. Wir kriegt man die nur nach Hause?\" class=\"shutterset_set_16\" >\r\n\t\t\t\t\t\t\t\t<img title=\"eisdiele-la-martiniere-ile-de-re-11\" alt=\"eisdiele-la-martiniere-ile-de-re-11\" src=\"http:\/\/www.bonn-kocht.de\/wp-content\/gallery\/eisdiele-ile-der-re\/thumbs\/thumbs_eisdiele-la-martiniere-ile-de-re-11.jpg\" width=\"100\" height=\"75\" \/>\r\n\t\t\t\t\t\t\t<\/a>\r\n\t\t<\/div>\r\n\t<\/div>\r\n\t\r\n\t\t\r\n \t\t\r\n\t<div id=\"ngg-image-114\" class=\"ngg-gallery-thumbnail-box\"  >\r\n\t\t<div class=\"ngg-gallery-thumbnail\" >\r\n\t\t\t<a href=\"http:\/\/www.bonn-kocht.de\/wp-content\/gallery\/eisdiele-ile-der-re\/eisdiele-la-martiniere-ile-de-re-12.jpg\" title=\"Spazierg\u00e4nger am Hafen von Saint-Martin-de-R\u00e9.\" class=\"shutterset_set_16\" >\r\n\t\t\t\t\t\t\t\t<img title=\"eisdiele-la-martiniere-ile-de-re-12\" alt=\"eisdiele-la-martiniere-ile-de-re-12\" src=\"http:\/\/www.bonn-kocht.de\/wp-content\/gallery\/eisdiele-ile-der-re\/thumbs\/thumbs_eisdiele-la-martiniere-ile-de-re-12.jpg\" width=\"100\" height=\"75\" \/>\r\n\t\t\t\t\t\t\t<\/a>\r\n\t\t<\/div>\r\n\t<\/div>\r\n\t\r\n\t\t\r\n \t\t\r\n\t<div id=\"ngg-image-115\" class=\"ngg-gallery-thumbnail-box\"  >\r\n\t\t<div class=\"ngg-gallery-thumbnail\" >\r\n\t\t\t<a href=\"http:\/\/www.bonn-kocht.de\/wp-content\/gallery\/eisdiele-ile-der-re\/eisdiele-la-martiniere-ile-de-re-13.jpg\" title=\"Die Promenade.\" class=\"shutterset_set_16\" >\r\n\t\t\t\t\t\t\t\t<img title=\"eisdiele-la-martiniere-ile-de-re-13\" alt=\"eisdiele-la-martiniere-ile-de-re-13\" src=\"http:\/\/www.bonn-kocht.de\/wp-content\/gallery\/eisdiele-ile-der-re\/thumbs\/thumbs_eisdiele-la-martiniere-ile-de-re-13.jpg\" width=\"100\" height=\"75\" \/>\r\n\t\t\t\t\t\t\t<\/a>\r\n\t\t<\/div>\r\n\t<\/div>\r\n\t\r\n\t\t\r\n \t\t\r\n\t<div id=\"ngg-image-116\" class=\"ngg-gallery-thumbnail-box\"  >\r\n\t\t<div class=\"ngg-gallery-thumbnail\" >\r\n\t\t\t<a href=\"http:\/\/www.bonn-kocht.de\/wp-content\/gallery\/eisdiele-ile-der-re\/eisdiele-la-martiniere-ile-de-re-14.jpg\" title=\"Seit 1904 unter Denkmalschutz: Der Leuchtturm der Insel, le phare des Baleines.\" class=\"shutterset_set_16\" >\r\n\t\t\t\t\t\t\t\t<img title=\"eisdiele-la-martiniere-ile-de-re-14\" alt=\"eisdiele-la-martiniere-ile-de-re-14\" src=\"http:\/\/www.bonn-kocht.de\/wp-content\/gallery\/eisdiele-ile-der-re\/thumbs\/thumbs_eisdiele-la-martiniere-ile-de-re-14.jpg\" width=\"100\" height=\"75\" \/>\r\n\t\t\t\t\t\t\t<\/a>\r\n\t\t<\/div>\r\n\t<\/div>\r\n\t\r\n\t\t\r\n \t\t\r\n\t<div id=\"ngg-image-117\" class=\"ngg-gallery-thumbnail-box\"  >\r\n\t\t<div class=\"ngg-gallery-thumbnail\" >\r\n\t\t\t<a href=\"http:\/\/www.bonn-kocht.de\/wp-content\/gallery\/eisdiele-ile-der-re\/eisdiele-la-martiniere-ile-de-re-15.jpg\" title=\"Wunderbares Wasser: der Strand im Norden der Ile de R\u00e9, la plage de la Conche.\" class=\"shutterset_set_16\" >\r\n\t\t\t\t\t\t\t\t<img title=\"eisdiele-la-martiniere-ile-de-re-15\" alt=\"eisdiele-la-martiniere-ile-de-re-15\" src=\"http:\/\/www.bonn-kocht.de\/wp-content\/gallery\/eisdiele-ile-der-re\/thumbs\/thumbs_eisdiele-la-martiniere-ile-de-re-15.jpg\" width=\"100\" height=\"75\" \/>\r\n\t\t\t\t\t\t\t<\/a>\r\n\t\t<\/div>\r\n\t<\/div>\r\n\t\r\n\t\t\r\n \t\t\r\n\t<div id=\"ngg-image-119\" class=\"ngg-gallery-thumbnail-box\"  >\r\n\t\t<div class=\"ngg-gallery-thumbnail\" >\r\n\t\t\t<a href=\"http:\/\/www.bonn-kocht.de\/wp-content\/gallery\/eisdiele-ile-der-re\/eisdiele-la-martiniere-ile-de-re-17.jpg\" title=\"Ebbe.\" class=\"shutterset_set_16\" >\r\n\t\t\t\t\t\t\t\t<img title=\"eisdiele-la-martiniere-ile-de-re-17\" alt=\"eisdiele-la-martiniere-ile-de-re-17\" src=\"http:\/\/www.bonn-kocht.de\/wp-content\/gallery\/eisdiele-ile-der-re\/thumbs\/thumbs_eisdiele-la-martiniere-ile-de-re-17.jpg\" width=\"100\" height=\"75\" \/>\r\n\t\t\t\t\t\t\t<\/a>\r\n\t\t<\/div>\r\n\t<\/div>\r\n\t\r\n\t\t\r\n \t\t\r\n\t<div id=\"ngg-image-118\" class=\"ngg-gallery-thumbnail-box\"  >\r\n\t\t<div class=\"ngg-gallery-thumbnail\" >\r\n\t\t\t<a href=\"http:\/\/www.bonn-kocht.de\/wp-content\/gallery\/eisdiele-ile-der-re\/eisdiele-la-martiniere-ile-de-re-16.jpg\" title=\"Einsam in der Flaute.\" class=\"shutterset_set_16\" >\r\n\t\t\t\t\t\t\t\t<img title=\"eisdiele-la-martiniere-ile-de-re-16\" alt=\"eisdiele-la-martiniere-ile-de-re-16\" src=\"http:\/\/www.bonn-kocht.de\/wp-content\/gallery\/eisdiele-ile-der-re\/thumbs\/thumbs_eisdiele-la-martiniere-ile-de-re-16.jpg\" width=\"100\" height=\"75\" \/>\r\n\t\t\t\t\t\t\t<\/a>\r\n\t\t<\/div>\r\n\t<\/div>\r\n\t\r\n\t\t\r\n \t \t\r\n\t<!-- Pagination -->\r\n \t<div class='ngg-clear'><\/div>\n \t\r\n<\/div>\r\n\r\n<\/strong><\/p>\n<p>La Martini\u00e8r macht nicht nur gutes Eis, sondern auch entsprechende Waffeln selbst. Was es in Bonn auch mal gab (am Dreieck), aber irgendwie au\u00dfer Mode gekommen ist. Wer heute rausstechen will, l\u00e4sst sich noch mehr einfallen. So sind das bei dem franz\u00f6sischen Insel-Familienunternehmen bunte Macarons mit Eisf\u00fcllung. Wer die sich im Sommer kauft, braucht allerdings eine K\u00fchltasche. Oder isst sie gleich auf.<\/p>\n<p><a href=\"http:\/\/www.la-martiniere.fr\" target=\"_blank\">Hier geht es zur Eisdiele<\/a>.<\/p>\n<p><iframe loading=\"lazy\" style=\"border: 0;\" src=\"https:\/\/www.google.com\/maps\/embed?pb=!1m14!1m8!1m3!1d4643.807459958757!2d-1.3713315600564515!3d46.20599012366579!3m2!1i1024!2i768!4f13.1!3m3!1m2!1s0x0%3A0x85ce29c2063bfb3d!2sLa+Martini%C3%A8re!5e0!3m2!1sde!2sfr!4v1470389153820\" width=\"400\" height=\"300\" frameborder=\"0\" allowfullscreen=\"allowfullscreen\"><\/iframe><\/p>\n<p>&nbsp;<\/p>\n","protected":false},"excerpt":{"rendered":"<p>\u201eDiese Eisdiele m\u00fcssen Sie unbedingt ausprobieren.\u201c Franzosen und gutes Eis? Kann das jenseits von Italien gut gehen? Auf der \u00cele de R\u00e9 am Atlantik soll es bei La Martini\u00e8re so sein, wenn man den Einheimischen glauben kann. \u201eDer Laden in &hellip; <a href=\"http:\/\/www.bonn-kocht.de\/?p=1936\">Weiterlesen <span class=\"meta-nav\">&rarr;<\/span><\/a><\/p>\n","protected":false},"author":2,"featured_media":0,"comment_status":"open","ping_status":"open","sticky":false,"template":"","format":"standard","meta":{"_coblocks_attr":"","_coblocks_dimensions":"","_coblocks_responsive_height":"","_coblocks_accordion_ie_support":"","om_disable_all_campaigns":false,"_monsterinsights_skip_tracking":false,"_monsterinsights_sitenote_active":false,"_monsterinsights_sitenote_note":"","_monsterinsights_sitenote_category":0,"_s2mail":"yes"},"categories":[1,8,11],"tags":[34,194,195,197,198,196],"aioseo_notices":[],"_links":{"self":[{"href":"http:\/\/www.bonn-kocht.de\/index.php?rest_route=\/wp\/v2\/posts\/1936"}],"collection":[{"href":"http:\/\/www.bonn-kocht.de\/index.php?rest_route=\/wp\/v2\/posts"}],"about":[{"href":"http:\/\/www.bonn-kocht.de\/index.php?rest_route=\/wp\/v2\/types\/post"}],"author":[{"embeddable":true,"href":"http:\/\/www.bonn-kocht.de\/index.php?rest_route=\/wp\/v2\/users\/2"}],"replies":[{"embeddable":true,"href":"http:\/\/www.bonn-kocht.de\/index.php?rest_route=%2Fwp%2Fv2%2Fcomments&post=1936"}],"version-history":[{"count":7,"href":"http:\/\/www.bonn-kocht.de\/index.php?rest_route=\/wp\/v2\/posts\/1936\/revisions"}],"predecessor-version":[{"id":1962,"href":"http:\/\/www.bonn-kocht.de\/index.php?rest_route=\/wp\/v2\/posts\/1936\/revisions\/1962"}],"wp:attachment":[{"href":"http:\/\/www.bonn-kocht.de\/index.php?rest_route=%2Fwp%2Fv2%2Fmedia&parent=1936"}],"wp:term":[{"taxonomy":"category","embeddable":true,"href":"http:\/\/www.bonn-kocht.de\/index.php?rest_route=%2Fwp%2Fv2%2Fcategories&post=1936"},{"taxonomy":"post_tag","embeddable":true,"href":"http:\/\/www.bonn-kocht.de\/index.php?rest_route=%2Fwp%2Fv2%2Ftags&post=1936"}],"curies":[{"name":"wp","href":"https:\/\/api.w.org\/{rel}","templated":true}]}}