{"id":1924,"date":"2016-07-04T08:06:33","date_gmt":"2016-07-04T08:06:33","guid":{"rendered":"http:\/\/www.bonn-kocht.de\/?p=1924"},"modified":"2016-07-04T20:47:12","modified_gmt":"2016-07-04T20:47:12","slug":"schinken-am-wegesrand-so-raeuchert-die-eifel","status":"publish","type":"post","link":"http:\/\/www.bonn-kocht.de\/?p=1924","title":{"rendered":"Schinken am Wegesrand: So r\u00e4uchert die Eifel"},"content":{"rendered":"<div id=\"attachment_1918\" style=\"width: 1034px\" class=\"wp-caption alignleft\"><img aria-describedby=\"caption-attachment-1918\" decoding=\"async\" loading=\"lazy\" class=\"size-full wp-image-1918\" src=\"http:\/\/www.bonn-kocht.de\/wp-content\/uploads\/2016\/07\/Eifel-Schinken-22.jpg\" alt=\"Der fertige Eifeler Schinken - eine Spezialit\u00e4t am Lieserpfad.\" width=\"1024\" height=\"683\" srcset=\"http:\/\/www.bonn-kocht.de\/wp-content\/uploads\/2016\/07\/Eifel-Schinken-22.jpg 1024w, http:\/\/www.bonn-kocht.de\/wp-content\/uploads\/2016\/07\/Eifel-Schinken-22-300x200.jpg 300w, http:\/\/www.bonn-kocht.de\/wp-content\/uploads\/2016\/07\/Eifel-Schinken-22-768x512.jpg 768w, http:\/\/www.bonn-kocht.de\/wp-content\/uploads\/2016\/07\/Eifel-Schinken-22-450x300.jpg 450w\" sizes=\"(max-width: 1024px) 100vw, 1024px\" \/><p id=\"caption-attachment-1918\" class=\"wp-caption-text\">Der fertige Eifeler Schinken &#8211; eine Spezialit\u00e4t am Lieserpfad.<\/p><\/div>\n<p>Der <a href=\"http:\/\/www.lieserpfad.de\" target=\"_blank\">Lieserpfad<\/a> gilt als einer der sch\u00f6nsten Wanderstrecken der Vulkaneifel. Doch auch Mountainbiker zieht es auf die Wege hinter den Dauner Maaren. Automatisch geht es vorbei an der \u00dcdersdorfer M\u00fchle. Es lohnt sich, die kleine Holzbr\u00fccke \u00fcber die Lieser zu nehmen, um dort einzukehren. Nicht nur wegen der st\u00e4rkenden Jause und einem guten Schluck gegen den Durst. Sondern auch wegen des ger\u00e4ucherten Schinkens, f\u00fcr den im Rucksack noch etwas Platz sein sollte. Und so wird er ger\u00e4uchert.<!--more--><\/p>\n<p>\u201eEs ist eine alte Familientradition\u201c, sagt M\u00fchlenwirtin Sylvia Niederpr\u00fcm und gew\u00e4hrt einen Blick in ihren mannshohen R\u00e4ucherofen auf der Terrasse, in dem bis zu 24 Schinken ihre goldbraune Farbe bekommen und sp\u00e4ter nach Buchenholz duften (und schmecken). Handfest und praktisch darf es in der Eifel sein, so h\u00e4ngen die schon ger\u00e4ucherten Exemplare an einem runden Messingkleiderst\u00e4nder zum Trocknen. Den G\u00e4sten l\u00e4uft da schnell das Wasser im Munde zusammen. Fragt sich, wie die beiden Hunde da nicht verr\u00fcckt werden, wenn ihnen st\u00e4ndig der verf\u00fchrerische Duft um die Nasen weht.<\/p>\n<div id=\"attachment_1922\" style=\"width: 310px\" class=\"wp-caption alignleft\"><img aria-describedby=\"caption-attachment-1922\" decoding=\"async\" loading=\"lazy\" class=\"size-medium wp-image-1922\" src=\"http:\/\/www.bonn-kocht.de\/wp-content\/uploads\/2016\/07\/Eifel-Schinken-18-300x200.jpg\" alt=\"Es r\u00e4uchert: Sylvia Niederpr\u00fcm am Ofen auf der Terrasse.\" width=\"300\" height=\"200\" srcset=\"http:\/\/www.bonn-kocht.de\/wp-content\/uploads\/2016\/07\/Eifel-Schinken-18-300x200.jpg 300w, http:\/\/www.bonn-kocht.de\/wp-content\/uploads\/2016\/07\/Eifel-Schinken-18-768x512.jpg 768w, http:\/\/www.bonn-kocht.de\/wp-content\/uploads\/2016\/07\/Eifel-Schinken-18.jpg 1024w, http:\/\/www.bonn-kocht.de\/wp-content\/uploads\/2016\/07\/Eifel-Schinken-18-450x300.jpg 450w\" sizes=\"(max-width: 300px) 100vw, 300px\" \/><p id=\"caption-attachment-1922\" class=\"wp-caption-text\">Es r\u00e4uchert: Sylvia Niederpr\u00fcm am Ofen auf der Terrasse.<\/p><\/div>\n<p>Doch mal so eben ist das Werk nicht vollbracht. Es braucht Geduld, bis aus dem etwas zwei Kilo schweren, rohen Nussst\u00fcck vom Schwein ein zarter Schinken geworden ist. \u201eEs muss eine Schwarte dran sein, sonst trocknet er zu sehr aus\u201c, sagt Sylvia Niederpr\u00fcm, die \u00fcber die Jahre ein Gef\u00fchl f\u00fcrs R\u00e4uchern entwickelt hat.<\/p>\n<p><strong>Phase 1, ab in die Tonne:<\/strong> Die frischen Fleischst\u00fccke werden mit P\u00f6kelsalz samt Kr\u00e4utermischung eingerieben. Dann kommen sie f\u00fcr eine Woche in eine Tonne. \u201eIn der Zeit zieht das Salz das Wasser aus dem Fleisch\u201c, erkl\u00e4rt die Expertin. Kaum zu glauben, dass am Ende das Gef\u00e4\u00df fast zur H\u00e4lfte voll Fleischwasser steht. Das kommt weg, dann wird Salzwasser eingef\u00fcllt, so dass das Fleisch komplett bedeckt ist. Drei Wochen warten.<\/p>\n<p><strong>Phase 2, ab in den Schrank:<\/strong> Eine Nacht m\u00fcssen die Schinken trocknen, bevor sie in den R\u00e4ucherofen kommen. Im Sommer reicht es wegen der h\u00f6heren Au\u00dfentemperaturen, dass sie etwa zehn Tage darin bleiben. Im Winter m\u00fcssen es vier Wochen sein. Von einer Schreinerei stammen die feinen Buchensp\u00e4ne, die Sylvia Niederpr\u00fcm tags\u00fcber st\u00e4ndig nachlegen muss. Die glimmen nur langsam vor sich hin, es darf nicht hei\u00df werden. Letztlich ist es im Schrank nicht w\u00e4rmer als die Au\u00dfentemperatur.<\/p>\n<p><strong>Phase 3, ab auf den Kleiderst\u00e4nder:<\/strong> Bevor die ersten Scheiben auf den Fr\u00fchst\u00fcckstisch der Pensionsg\u00e4ste kommen oder die ersten abgepackten St\u00fccke neben Honig zum Verkauf angeboten werden, m\u00fcssen die Schinken noch einmal vier bis sechs Wochen an den Haken. Sollte es drau\u00dfen zu warm werden, kommen sie in den K\u00fchlraum.<\/p>\n\n\t\t<style type=\"text\/css\">\n\t\t\t#gallery-1 {\n\t\t\t\tmargin: auto;\n\t\t\t}\n\t\t\t#gallery-1 .gallery-item {\n\t\t\t\tfloat: left;\n\t\t\t\tmargin-top: 10px;\n\t\t\t\ttext-align: center;\n\t\t\t\twidth: 20%;\n\t\t\t}\n\t\t\t#gallery-1 img {\n\t\t\t\tborder: 2px solid #cfcfcf;\n\t\t\t}\n\t\t\t#gallery-1 .gallery-caption {\n\t\t\t\tmargin-left: 0;\n\t\t\t}\n\t\t\t\/* see gallery_shortcode() in wp-includes\/media.php *\/\n\t\t<\/style>\n\t\t<div id='gallery-1' class='gallery galleryid-1924 gallery-columns-5 gallery-size-thumbnail'><dl class='gallery-item'>\n\t\t\t<dt class='gallery-icon landscape'>\n\t\t\t\t<a href='http:\/\/www.bonn-kocht.de\/?attachment_id=1920'><img width=\"150\" height=\"150\" src=\"http:\/\/www.bonn-kocht.de\/wp-content\/uploads\/2016\/07\/Eifel-Schinken-14-150x150.jpg\" class=\"attachment-thumbnail size-thumbnail\" alt=\"\" decoding=\"async\" loading=\"lazy\" aria-describedby=\"gallery-1-1920\" srcset=\"http:\/\/www.bonn-kocht.de\/wp-content\/uploads\/2016\/07\/Eifel-Schinken-14-150x150.jpg 150w, http:\/\/www.bonn-kocht.de\/wp-content\/uploads\/2016\/07\/Eifel-Schinken-14-250x250.jpg 250w, http:\/\/www.bonn-kocht.de\/wp-content\/uploads\/2016\/07\/Eifel-Schinken-14-50x50.jpg 50w\" sizes=\"(max-width: 150px) 100vw, 150px\" \/><\/a>\n\t\t\t<\/dt>\n\t\t\t\t<dd class='wp-caption-text gallery-caption' id='gallery-1-1920'>\n\t\t\t\tBlick in den R\u00e4ucherschrank.\n\t\t\t\t<\/dd><\/dl><dl class='gallery-item'>\n\t\t\t<dt class='gallery-icon landscape'>\n\t\t\t\t<a href='http:\/\/www.bonn-kocht.de\/?attachment_id=1921'><img width=\"150\" height=\"150\" src=\"http:\/\/www.bonn-kocht.de\/wp-content\/uploads\/2016\/07\/Eifel-Schinken-15-150x150.jpg\" class=\"attachment-thumbnail size-thumbnail\" alt=\"\" decoding=\"async\" loading=\"lazy\" aria-describedby=\"gallery-1-1921\" srcset=\"http:\/\/www.bonn-kocht.de\/wp-content\/uploads\/2016\/07\/Eifel-Schinken-15-150x150.jpg 150w, http:\/\/www.bonn-kocht.de\/wp-content\/uploads\/2016\/07\/Eifel-Schinken-15-250x250.jpg 250w, http:\/\/www.bonn-kocht.de\/wp-content\/uploads\/2016\/07\/Eifel-Schinken-15-50x50.jpg 50w\" sizes=\"(max-width: 150px) 100vw, 150px\" \/><\/a>\n\t\t\t<\/dt>\n\t\t\t\t<dd class='wp-caption-text gallery-caption' id='gallery-1-1921'>\n\t\t\t\tDie glimmenden Buchensp\u00e4ne m\u00fcssen mehrfach am Tag nachgelegt werden.\n\t\t\t\t<\/dd><\/dl><dl class='gallery-item'>\n\t\t\t<dt class='gallery-icon landscape'>\n\t\t\t\t<a href='http:\/\/www.bonn-kocht.de\/?attachment_id=1919'><img width=\"150\" height=\"150\" src=\"http:\/\/www.bonn-kocht.de\/wp-content\/uploads\/2016\/07\/Eifel-Schinken-11-150x150.jpg\" class=\"attachment-thumbnail size-thumbnail\" alt=\"\" decoding=\"async\" loading=\"lazy\" aria-describedby=\"gallery-1-1919\" srcset=\"http:\/\/www.bonn-kocht.de\/wp-content\/uploads\/2016\/07\/Eifel-Schinken-11-150x150.jpg 150w, http:\/\/www.bonn-kocht.de\/wp-content\/uploads\/2016\/07\/Eifel-Schinken-11-250x250.jpg 250w, http:\/\/www.bonn-kocht.de\/wp-content\/uploads\/2016\/07\/Eifel-Schinken-11-50x50.jpg 50w\" sizes=\"(max-width: 150px) 100vw, 150px\" \/><\/a>\n\t\t\t<\/dt>\n\t\t\t\t<dd class='wp-caption-text gallery-caption' id='gallery-1-1919'>\n\t\t\t\t20 Grad: Hei\u00dfer soll es gar nicht sein.\n\t\t\t\t<\/dd><\/dl><dl class='gallery-item'>\n\t\t\t<dt class='gallery-icon landscape'>\n\t\t\t\t<a href='http:\/\/www.bonn-kocht.de\/?attachment_id=1917'><img width=\"150\" height=\"150\" src=\"http:\/\/www.bonn-kocht.de\/wp-content\/uploads\/2016\/07\/Eifel-Schinken-21-150x150.jpg\" class=\"attachment-thumbnail size-thumbnail\" alt=\"\" decoding=\"async\" loading=\"lazy\" aria-describedby=\"gallery-1-1917\" srcset=\"http:\/\/www.bonn-kocht.de\/wp-content\/uploads\/2016\/07\/Eifel-Schinken-21-150x150.jpg 150w, http:\/\/www.bonn-kocht.de\/wp-content\/uploads\/2016\/07\/Eifel-Schinken-21-250x250.jpg 250w, http:\/\/www.bonn-kocht.de\/wp-content\/uploads\/2016\/07\/Eifel-Schinken-21-50x50.jpg 50w\" sizes=\"(max-width: 150px) 100vw, 150px\" \/><\/a>\n\t\t\t<\/dt>\n\t\t\t\t<dd class='wp-caption-text gallery-caption' id='gallery-1-1917'>\n\t\t\t\tChill-Out-Phase: Abh\u00e4ngen am Kleiderst\u00e4nder.\n\t\t\t\t<\/dd><\/dl><dl class='gallery-item'>\n\t\t\t<dt class='gallery-icon landscape'>\n\t\t\t\t<a href='http:\/\/www.bonn-kocht.de\/?attachment_id=1923'><img width=\"150\" height=\"150\" src=\"http:\/\/www.bonn-kocht.de\/wp-content\/uploads\/2016\/07\/Eifel-Schinken-01-150x150.jpg\" class=\"attachment-thumbnail size-thumbnail\" alt=\"\" decoding=\"async\" loading=\"lazy\" aria-describedby=\"gallery-1-1923\" srcset=\"http:\/\/www.bonn-kocht.de\/wp-content\/uploads\/2016\/07\/Eifel-Schinken-01-150x150.jpg 150w, http:\/\/www.bonn-kocht.de\/wp-content\/uploads\/2016\/07\/Eifel-Schinken-01-250x250.jpg 250w, http:\/\/www.bonn-kocht.de\/wp-content\/uploads\/2016\/07\/Eifel-Schinken-01-50x50.jpg 50w\" sizes=\"(max-width: 150px) 100vw, 150px\" \/><\/a>\n\t\t\t<\/dt>\n\t\t\t\t<dd class='wp-caption-text gallery-caption' id='gallery-1-1923'>\n\t\t\t\tDer fertige Schinken sieht zum Anbei\u00dfen aus.\n\t\t\t\t<\/dd><\/dl><br style=\"clear: both\" \/>\n\t\t<\/div>\n\n<p>\u201eDas Ergebnis ist immer gut\u201c, sagt die Wirtin, die auch Forellen r\u00e4uchert \u2013 was aber viel schneller geht. Sie wei\u00df noch, wo die Redensart \u201eIns Fettn\u00e4pfchen treten\u201c herkommt. N\u00e4mlich auch vom R\u00e4uchern, das fr\u00fcher in der offenen Feuerstelle der K\u00fcche stattfand. Um das herabtropfende Fett aufzufangen, wurden am Boden kleine Schalen aufgestellt. Da konnte es dann passieren, dass ein Kind die mal umtrat. Pech gehabt.<\/p>\n<p><strong>\u00dcdersdorfer M\u00fchle<\/strong><br \/>\nFamilie Niederpr\u00fcm<br \/>\n54552 \u00dcdersdorf<br \/>\nTelefon +49-6596-217<\/p>\n<p><a href=\"mailto:info@eifelurlaub-online.de\">info@eifelurlaub-online.de<\/a><br \/>\n<a href=\"http:\/\/www.eifelurlaub-online.de\" target=\"_blank\">www.eifelurlaub-online.de<\/a><br \/>\n<iframe loading=\"lazy\" style=\"border: 0;\" src=\"https:\/\/www.google.com\/maps\/embed?pb=!1m18!1m12!1m3!1d2556.3514145680015!2d6.817420615720695!3d50.154564079435644!2m3!1f0!2f0!3f0!3m2!1i1024!2i768!4f13.1!3m3!1m2!1s0x47bfb5f049b2ac7d%3A0xdb1def0d937d0e4e!2sGasthaus+%C3%9Cdersdorfer+M%C3%BChle!5e0!3m2!1sde!2sus!4v1467619452339\" width=\"400\" height=\"300\" frameborder=\"0\" allowfullscreen=\"allowfullscreen\"><\/iframe><\/p>\n","protected":false},"excerpt":{"rendered":"<p>Der Lieserpfad gilt als einer der sch\u00f6nsten Wanderstrecken der Vulkaneifel. Doch auch Mountainbiker zieht es auf die Wege hinter den Dauner Maaren. Automatisch geht es vorbei an der \u00dcdersdorfer M\u00fchle. Es lohnt sich, die kleine Holzbr\u00fccke \u00fcber die Lieser zu &hellip; <a href=\"http:\/\/www.bonn-kocht.de\/?p=1924\">Weiterlesen <span class=\"meta-nav\">&rarr;<\/span><\/a><\/p>\n","protected":false},"author":2,"featured_media":0,"comment_status":"open","ping_status":"open","sticky":false,"template":"","format":"standard","meta":{"_coblocks_attr":"","_coblocks_dimensions":"","_coblocks_responsive_height":"","_coblocks_accordion_ie_support":"","om_disable_all_campaigns":false,"_monsterinsights_skip_tracking":false,"_monsterinsights_sitenote_active":false,"_monsterinsights_sitenote_note":"","_monsterinsights_sitenote_category":0,"_s2mail":"yes"},"categories":[1,8,11],"tags":[193,191,15,192,190,36],"aioseo_notices":[],"_links":{"self":[{"href":"http:\/\/www.bonn-kocht.de\/index.php?rest_route=\/wp\/v2\/posts\/1924"}],"collection":[{"href":"http:\/\/www.bonn-kocht.de\/index.php?rest_route=\/wp\/v2\/posts"}],"about":[{"href":"http:\/\/www.bonn-kocht.de\/index.php?rest_route=\/wp\/v2\/types\/post"}],"author":[{"embeddable":true,"href":"http:\/\/www.bonn-kocht.de\/index.php?rest_route=\/wp\/v2\/users\/2"}],"replies":[{"embeddable":true,"href":"http:\/\/www.bonn-kocht.de\/index.php?rest_route=%2Fwp%2Fv2%2Fcomments&post=1924"}],"version-history":[{"count":10,"href":"http:\/\/www.bonn-kocht.de\/index.php?rest_route=\/wp\/v2\/posts\/1924\/revisions"}],"predecessor-version":[{"id":1934,"href":"http:\/\/www.bonn-kocht.de\/index.php?rest_route=\/wp\/v2\/posts\/1924\/revisions\/1934"}],"wp:attachment":[{"href":"http:\/\/www.bonn-kocht.de\/index.php?rest_route=%2Fwp%2Fv2%2Fmedia&parent=1924"}],"wp:term":[{"taxonomy":"category","embeddable":true,"href":"http:\/\/www.bonn-kocht.de\/index.php?rest_route=%2Fwp%2Fv2%2Fcategories&post=1924"},{"taxonomy":"post_tag","embeddable":true,"href":"http:\/\/www.bonn-kocht.de\/index.php?rest_route=%2Fwp%2Fv2%2Ftags&post=1924"}],"curies":[{"name":"wp","href":"https:\/\/api.w.org\/{rel}","templated":true}]}}