{"id":1730,"date":"2015-07-16T20:33:57","date_gmt":"2015-07-16T20:33:57","guid":{"rendered":"http:\/\/www.bonn-kocht.de\/?p=1730"},"modified":"2015-07-16T20:53:25","modified_gmt":"2015-07-16T20:53:25","slug":"rezept-blaetterteigsonne","status":"publish","type":"post","link":"http:\/\/www.bonn-kocht.de\/?p=1730","title":{"rendered":"Rezept: Bl\u00e4tterteigsonne"},"content":{"rendered":"<div id=\"attachment_1731\" style=\"width: 810px\" class=\"wp-caption aligncenter\"><a href=\"http:\/\/www.bonn-kocht.de\/wp-content\/uploads\/2015\/07\/Bl\u00e4tterteigsonne-00.jpg\"><img aria-describedby=\"caption-attachment-1731\" decoding=\"async\" loading=\"lazy\" class=\"size-full wp-image-1731\" src=\"http:\/\/www.bonn-kocht.de\/wp-content\/uploads\/2015\/07\/Bl\u00e4tterteigsonne-00.jpg\" alt=\"Vorsicht, die Sonne ist nat\u00fcrlich hei\u00df.\" width=\"800\" height=\"516\" srcset=\"http:\/\/www.bonn-kocht.de\/wp-content\/uploads\/2015\/07\/Bl\u00e4tterteigsonne-00.jpg 800w, http:\/\/www.bonn-kocht.de\/wp-content\/uploads\/2015\/07\/Bl\u00e4tterteigsonne-00-300x194.jpg 300w, http:\/\/www.bonn-kocht.de\/wp-content\/uploads\/2015\/07\/Bl\u00e4tterteigsonne-00-465x300.jpg 465w\" sizes=\"(max-width: 800px) 100vw, 800px\" \/><\/a><p id=\"caption-attachment-1731\" class=\"wp-caption-text\">Vorsicht, die Sonne ist nat\u00fcrlich hei\u00df.<\/p><\/div>\n<p>Eine vern\u00fcnftige Sonne aus Bl\u00e4tterteig zu backen, scheitert hierzulande daran, dass die Teigplatten rechteckig sind. In Frankreich sind sie rund, so dass das Geb\u00e4ck, das auf jeder Party was her macht, seinem Namen schon eher seine Ehre macht. Abe egal, schmecken tut\u2019s gleich. Hier sind manche Strahlen halt nur was l\u00e4nger. Effektvoll und blitzschnell zubereitet. Bei C\u00e9line und ihrer Familie in Lyon ist die Sonne der Renner.<!--more--><\/p>\n<p><strong>Zutaten:<\/strong><br \/>\n2 Lagen Bl\u00e4tterteig<br \/>\n1 Dose Pizzatomaten<br \/>\nGew\u00fcrfelter Speck<br \/>\nCr\u00e8me fra\u00eeche oder Schmand<br \/>\nGeriebener Emmentaler<br \/>\nKr\u00e4uter (etwa Oregano)<br \/>\nPfeffer<br \/>\nSalz<\/p>\n<p>Eine Lage m\u00f6glichst k\u00fchler Bl\u00e4tterteig kommt aufs Blech mit Backpapier. Darauf Tomaten, Speck, Cr\u00e8me fra\u00eeche und den K\u00e4se verteilen. W\u00fcrzen.<\/p>\n<p>Nun wird das Ganze mit der zweiten Teiglage abgedeckt. In der Mitte ein Glas aufsetzen und nun von au\u00dfen bis dahin mit der Schere einschneiden \u2013 reihum, wie Sonnenstrahlen. Falls da nicht geht und So\u00dfe rausl\u00e4uft, kann man das Blech auch noch einmal f\u00fcr zehn Minuten in den Tiefk\u00fchler stellen.<\/p>\n<p>Die einzelnen Strahlen in sich ein- bis zweimal verdrehen und das Blech dann f\u00fcr rund 60 Minuten bei 160 Grad in den Backofen.<\/p>\n<p>Das muss noch l\u00e4ngst nicht alles gewesen: An F\u00fcllungen bieten sich auch Tapenade, Champignons, Spinat mit Zwiebeln und Knoblauch oder Lachs an. Vielleicht auch mehrere Geschmacksrichtungen in einer Sonne. Es darf auch s\u00fc\u00df sein. Einfach mal ein paar Sachen ausprobieren.<\/p>\n\n\t\t<style type=\"text\/css\">\n\t\t\t#gallery-1 {\n\t\t\t\tmargin: auto;\n\t\t\t}\n\t\t\t#gallery-1 .gallery-item {\n\t\t\t\tfloat: left;\n\t\t\t\tmargin-top: 10px;\n\t\t\t\ttext-align: center;\n\t\t\t\twidth: 33%;\n\t\t\t}\n\t\t\t#gallery-1 img {\n\t\t\t\tborder: 2px solid #cfcfcf;\n\t\t\t}\n\t\t\t#gallery-1 .gallery-caption {\n\t\t\t\tmargin-left: 0;\n\t\t\t}\n\t\t\t\/* see gallery_shortcode() in wp-includes\/media.php *\/\n\t\t<\/style>\n\t\t<div id='gallery-1' class='gallery galleryid-1730 gallery-columns-3 gallery-size-thumbnail'><dl class='gallery-item'>\n\t\t\t<dt class='gallery-icon landscape'>\n\t\t\t\t<a href='http:\/\/www.bonn-kocht.de\/?attachment_id=1732'><img width=\"150\" height=\"150\" src=\"http:\/\/www.bonn-kocht.de\/wp-content\/uploads\/2015\/07\/Bl\u00e4tterteigsonne-01-150x150.jpg\" class=\"attachment-thumbnail size-thumbnail\" alt=\"\" decoding=\"async\" loading=\"lazy\" aria-describedby=\"gallery-1-1732\" srcset=\"http:\/\/www.bonn-kocht.de\/wp-content\/uploads\/2015\/07\/Bl\u00e4tterteigsonne-01-150x150.jpg 150w, http:\/\/www.bonn-kocht.de\/wp-content\/uploads\/2015\/07\/Bl\u00e4tterteigsonne-01-250x250.jpg 250w, http:\/\/www.bonn-kocht.de\/wp-content\/uploads\/2015\/07\/Bl\u00e4tterteigsonne-01-50x50.jpg 50w\" sizes=\"(max-width: 150px) 100vw, 150px\" \/><\/a>\n\t\t\t<\/dt>\n\t\t\t\t<dd class='wp-caption-text gallery-caption' id='gallery-1-1732'>\n\t\t\t\t1 Teig auslegen\n\t\t\t\t<\/dd><\/dl><dl class='gallery-item'>\n\t\t\t<dt class='gallery-icon landscape'>\n\t\t\t\t<a href='http:\/\/www.bonn-kocht.de\/?attachment_id=1733'><img width=\"150\" height=\"150\" src=\"http:\/\/www.bonn-kocht.de\/wp-content\/uploads\/2015\/07\/Bl\u00e4tterteigsonne-02-150x150.jpg\" class=\"attachment-thumbnail size-thumbnail\" alt=\"\" decoding=\"async\" loading=\"lazy\" aria-describedby=\"gallery-1-1733\" srcset=\"http:\/\/www.bonn-kocht.de\/wp-content\/uploads\/2015\/07\/Bl\u00e4tterteigsonne-02-150x150.jpg 150w, http:\/\/www.bonn-kocht.de\/wp-content\/uploads\/2015\/07\/Bl\u00e4tterteigsonne-02-250x250.jpg 250w, http:\/\/www.bonn-kocht.de\/wp-content\/uploads\/2015\/07\/Bl\u00e4tterteigsonne-02-50x50.jpg 50w\" sizes=\"(max-width: 150px) 100vw, 150px\" \/><\/a>\n\t\t\t<\/dt>\n\t\t\t\t<dd class='wp-caption-text gallery-caption' id='gallery-1-1733'>\n\t\t\t\t2 Cr\u00e8me fra\u00eeche\n\t\t\t\t<\/dd><\/dl><dl class='gallery-item'>\n\t\t\t<dt class='gallery-icon landscape'>\n\t\t\t\t<a href='http:\/\/www.bonn-kocht.de\/?attachment_id=1734'><img width=\"150\" height=\"150\" src=\"http:\/\/www.bonn-kocht.de\/wp-content\/uploads\/2015\/07\/Bl\u00e4tterteigsonne-03-150x150.jpg\" class=\"attachment-thumbnail size-thumbnail\" alt=\"\" decoding=\"async\" loading=\"lazy\" aria-describedby=\"gallery-1-1734\" srcset=\"http:\/\/www.bonn-kocht.de\/wp-content\/uploads\/2015\/07\/Bl\u00e4tterteigsonne-03-150x150.jpg 150w, http:\/\/www.bonn-kocht.de\/wp-content\/uploads\/2015\/07\/Bl\u00e4tterteigsonne-03-250x250.jpg 250w, http:\/\/www.bonn-kocht.de\/wp-content\/uploads\/2015\/07\/Bl\u00e4tterteigsonne-03-50x50.jpg 50w\" sizes=\"(max-width: 150px) 100vw, 150px\" \/><\/a>\n\t\t\t<\/dt>\n\t\t\t\t<dd class='wp-caption-text gallery-caption' id='gallery-1-1734'>\n\t\t\t\t3 Tomate\n\t\t\t\t<\/dd><\/dl><br style=\"clear: both\" \/><dl class='gallery-item'>\n\t\t\t<dt class='gallery-icon landscape'>\n\t\t\t\t<a href='http:\/\/www.bonn-kocht.de\/?attachment_id=1735'><img width=\"150\" height=\"150\" src=\"http:\/\/www.bonn-kocht.de\/wp-content\/uploads\/2015\/07\/Bl\u00e4tterteigsonne-04-150x150.jpg\" class=\"attachment-thumbnail size-thumbnail\" alt=\"\" decoding=\"async\" loading=\"lazy\" aria-describedby=\"gallery-1-1735\" srcset=\"http:\/\/www.bonn-kocht.de\/wp-content\/uploads\/2015\/07\/Bl\u00e4tterteigsonne-04-150x150.jpg 150w, http:\/\/www.bonn-kocht.de\/wp-content\/uploads\/2015\/07\/Bl\u00e4tterteigsonne-04-250x250.jpg 250w, http:\/\/www.bonn-kocht.de\/wp-content\/uploads\/2015\/07\/Bl\u00e4tterteigsonne-04-50x50.jpg 50w\" sizes=\"(max-width: 150px) 100vw, 150px\" \/><\/a>\n\t\t\t<\/dt>\n\t\t\t\t<dd class='wp-caption-text gallery-caption' id='gallery-1-1735'>\n\t\t\t\t4 Speck\n\t\t\t\t<\/dd><\/dl><dl class='gallery-item'>\n\t\t\t<dt class='gallery-icon landscape'>\n\t\t\t\t<a href='http:\/\/www.bonn-kocht.de\/?attachment_id=1736'><img width=\"150\" height=\"150\" src=\"http:\/\/www.bonn-kocht.de\/wp-content\/uploads\/2015\/07\/Bl\u00e4tterteigsonne-05-150x150.jpg\" class=\"attachment-thumbnail size-thumbnail\" alt=\"\" decoding=\"async\" loading=\"lazy\" aria-describedby=\"gallery-1-1736\" srcset=\"http:\/\/www.bonn-kocht.de\/wp-content\/uploads\/2015\/07\/Bl\u00e4tterteigsonne-05-150x150.jpg 150w, http:\/\/www.bonn-kocht.de\/wp-content\/uploads\/2015\/07\/Bl\u00e4tterteigsonne-05-250x250.jpg 250w, http:\/\/www.bonn-kocht.de\/wp-content\/uploads\/2015\/07\/Bl\u00e4tterteigsonne-05-50x50.jpg 50w\" sizes=\"(max-width: 150px) 100vw, 150px\" \/><\/a>\n\t\t\t<\/dt>\n\t\t\t\t<dd class='wp-caption-text gallery-caption' id='gallery-1-1736'>\n\t\t\t\t5 W\u00fcrzen\n\t\t\t\t<\/dd><\/dl><dl class='gallery-item'>\n\t\t\t<dt class='gallery-icon landscape'>\n\t\t\t\t<a href='http:\/\/www.bonn-kocht.de\/?attachment_id=1737'><img width=\"150\" height=\"150\" src=\"http:\/\/www.bonn-kocht.de\/wp-content\/uploads\/2015\/07\/Bl\u00e4tterteigsonne-06-150x150.jpg\" class=\"attachment-thumbnail size-thumbnail\" alt=\"\" decoding=\"async\" loading=\"lazy\" aria-describedby=\"gallery-1-1737\" srcset=\"http:\/\/www.bonn-kocht.de\/wp-content\/uploads\/2015\/07\/Bl\u00e4tterteigsonne-06-150x150.jpg 150w, http:\/\/www.bonn-kocht.de\/wp-content\/uploads\/2015\/07\/Bl\u00e4tterteigsonne-06-250x250.jpg 250w, http:\/\/www.bonn-kocht.de\/wp-content\/uploads\/2015\/07\/Bl\u00e4tterteigsonne-06-50x50.jpg 50w\" sizes=\"(max-width: 150px) 100vw, 150px\" \/><\/a>\n\t\t\t<\/dt>\n\t\t\t\t<dd class='wp-caption-text gallery-caption' id='gallery-1-1737'>\n\t\t\t\t6 Zweite Teiglage\n\t\t\t\t<\/dd><\/dl><br style=\"clear: both\" \/><dl class='gallery-item'>\n\t\t\t<dt class='gallery-icon landscape'>\n\t\t\t\t<a href='http:\/\/www.bonn-kocht.de\/?attachment_id=1738'><img width=\"150\" height=\"150\" src=\"http:\/\/www.bonn-kocht.de\/wp-content\/uploads\/2015\/07\/Bl\u00e4tterteigsonne-07-150x150.jpg\" class=\"attachment-thumbnail size-thumbnail\" alt=\"\" decoding=\"async\" loading=\"lazy\" aria-describedby=\"gallery-1-1738\" srcset=\"http:\/\/www.bonn-kocht.de\/wp-content\/uploads\/2015\/07\/Bl\u00e4tterteigsonne-07-150x150.jpg 150w, http:\/\/www.bonn-kocht.de\/wp-content\/uploads\/2015\/07\/Bl\u00e4tterteigsonne-07-250x250.jpg 250w, http:\/\/www.bonn-kocht.de\/wp-content\/uploads\/2015\/07\/Bl\u00e4tterteigsonne-07-50x50.jpg 50w\" sizes=\"(max-width: 150px) 100vw, 150px\" \/><\/a>\n\t\t\t<\/dt>\n\t\t\t\t<dd class='wp-caption-text gallery-caption' id='gallery-1-1738'>\n\t\t\t\t7 Einschneiden\n\t\t\t\t<\/dd><\/dl><dl class='gallery-item'>\n\t\t\t<dt class='gallery-icon landscape'>\n\t\t\t\t<a href='http:\/\/www.bonn-kocht.de\/?attachment_id=1739'><img width=\"150\" height=\"150\" src=\"http:\/\/www.bonn-kocht.de\/wp-content\/uploads\/2015\/07\/Bl\u00e4tterteigsonne-08-150x150.jpg\" class=\"attachment-thumbnail size-thumbnail\" alt=\"\" decoding=\"async\" loading=\"lazy\" aria-describedby=\"gallery-1-1739\" srcset=\"http:\/\/www.bonn-kocht.de\/wp-content\/uploads\/2015\/07\/Bl\u00e4tterteigsonne-08-150x150.jpg 150w, http:\/\/www.bonn-kocht.de\/wp-content\/uploads\/2015\/07\/Bl\u00e4tterteigsonne-08-250x250.jpg 250w, http:\/\/www.bonn-kocht.de\/wp-content\/uploads\/2015\/07\/Bl\u00e4tterteigsonne-08-50x50.jpg 50w\" sizes=\"(max-width: 150px) 100vw, 150px\" \/><\/a>\n\t\t\t<\/dt>\n\t\t\t\t<dd class='wp-caption-text gallery-caption' id='gallery-1-1739'>\n\t\t\t\t8 Drehen\n\t\t\t\t<\/dd><\/dl><dl class='gallery-item'>\n\t\t\t<dt class='gallery-icon landscape'>\n\t\t\t\t<a href='http:\/\/www.bonn-kocht.de\/?attachment_id=1740'><img width=\"150\" height=\"150\" src=\"http:\/\/www.bonn-kocht.de\/wp-content\/uploads\/2015\/07\/Bl\u00e4tterteigsonne-09-150x150.jpg\" class=\"attachment-thumbnail size-thumbnail\" alt=\"\" decoding=\"async\" loading=\"lazy\" aria-describedby=\"gallery-1-1740\" srcset=\"http:\/\/www.bonn-kocht.de\/wp-content\/uploads\/2015\/07\/Bl\u00e4tterteigsonne-09-150x150.jpg 150w, http:\/\/www.bonn-kocht.de\/wp-content\/uploads\/2015\/07\/Bl\u00e4tterteigsonne-09-250x250.jpg 250w, http:\/\/www.bonn-kocht.de\/wp-content\/uploads\/2015\/07\/Bl\u00e4tterteigsonne-09-50x50.jpg 50w\" sizes=\"(max-width: 150px) 100vw, 150px\" \/><\/a>\n\t\t\t<\/dt>\n\t\t\t\t<dd class='wp-caption-text gallery-caption' id='gallery-1-1740'>\n\t\t\t\t9 Das Glas kann weg\n\t\t\t\t<\/dd><\/dl><br style=\"clear: both\" \/><dl class='gallery-item'>\n\t\t\t<dt class='gallery-icon landscape'>\n\t\t\t\t<a href='http:\/\/www.bonn-kocht.de\/?attachment_id=1741'><img width=\"150\" height=\"150\" src=\"http:\/\/www.bonn-kocht.de\/wp-content\/uploads\/2015\/07\/Bl\u00e4tterteigsonne-10-150x150.jpg\" class=\"attachment-thumbnail size-thumbnail\" alt=\"\" decoding=\"async\" loading=\"lazy\" aria-describedby=\"gallery-1-1741\" srcset=\"http:\/\/www.bonn-kocht.de\/wp-content\/uploads\/2015\/07\/Bl\u00e4tterteigsonne-10-150x150.jpg 150w, http:\/\/www.bonn-kocht.de\/wp-content\/uploads\/2015\/07\/Bl\u00e4tterteigsonne-10-250x250.jpg 250w, http:\/\/www.bonn-kocht.de\/wp-content\/uploads\/2015\/07\/Bl\u00e4tterteigsonne-10-50x50.jpg 50w\" sizes=\"(max-width: 150px) 100vw, 150px\" \/><\/a>\n\t\t\t<\/dt>\n\t\t\t\t<dd class='wp-caption-text gallery-caption' id='gallery-1-1741'>\n\t\t\t\t10 Ab in den Ofeb\n\t\t\t\t<\/dd><\/dl><dl class='gallery-item'>\n\t\t\t<dt class='gallery-icon landscape'>\n\t\t\t\t<a href='http:\/\/www.bonn-kocht.de\/?attachment_id=1742'><img width=\"150\" height=\"150\" src=\"http:\/\/www.bonn-kocht.de\/wp-content\/uploads\/2015\/07\/Bl\u00e4tterteigsonne-11-150x150.jpg\" class=\"attachment-thumbnail size-thumbnail\" alt=\"\" decoding=\"async\" loading=\"lazy\" aria-describedby=\"gallery-1-1742\" srcset=\"http:\/\/www.bonn-kocht.de\/wp-content\/uploads\/2015\/07\/Bl\u00e4tterteigsonne-11-150x150.jpg 150w, http:\/\/www.bonn-kocht.de\/wp-content\/uploads\/2015\/07\/Bl\u00e4tterteigsonne-11-250x250.jpg 250w, http:\/\/www.bonn-kocht.de\/wp-content\/uploads\/2015\/07\/Bl\u00e4tterteigsonne-11-50x50.jpg 50w\" sizes=\"(max-width: 150px) 100vw, 150px\" \/><\/a>\n\t\t\t<\/dt>\n\t\t\t\t<dd class='wp-caption-text gallery-caption' id='gallery-1-1742'>\n\t\t\t\t11 Fertig\n\t\t\t\t<\/dd><\/dl><dl class='gallery-item'>\n\t\t\t<dt class='gallery-icon landscape'>\n\t\t\t\t<a href='http:\/\/www.bonn-kocht.de\/?attachment_id=1743'><img width=\"150\" height=\"150\" src=\"http:\/\/www.bonn-kocht.de\/wp-content\/uploads\/2015\/07\/Bl\u00e4tterteigsonne-13-150x150.jpg\" class=\"attachment-thumbnail size-thumbnail\" alt=\"\" decoding=\"async\" loading=\"lazy\" aria-describedby=\"gallery-1-1743\" srcset=\"http:\/\/www.bonn-kocht.de\/wp-content\/uploads\/2015\/07\/Bl\u00e4tterteigsonne-13-150x150.jpg 150w, http:\/\/www.bonn-kocht.de\/wp-content\/uploads\/2015\/07\/Bl\u00e4tterteigsonne-13-250x250.jpg 250w, http:\/\/www.bonn-kocht.de\/wp-content\/uploads\/2015\/07\/Bl\u00e4tterteigsonne-13-50x50.jpg 50w\" sizes=\"(max-width: 150px) 100vw, 150px\" \/><\/a>\n\t\t\t<\/dt>\n\t\t\t\t<dd class='wp-caption-text gallery-caption' id='gallery-1-1743'>\n\t\t\t\t12 Angerichtet\n\t\t\t\t<\/dd><\/dl><br style=\"clear: both\" \/>\n\t\t<\/div>\n\n<p>Einmal \u00e4hnlich auf Franz\u00f6sisch: <a href=\"http:\/\/www.unegrainedidee.com\/2014\/08\/soleil-feuilletee-pour-lapero.html\" target=\"_blank\">Soleil Feuillet\u00e9 pour l&#8217;Ap\u00e9ro<\/a><\/p>\n","protected":false},"excerpt":{"rendered":"<p>Eine vern\u00fcnftige Sonne aus Bl\u00e4tterteig zu backen, scheitert hierzulande daran, dass die Teigplatten rechteckig sind. In Frankreich sind sie rund, so dass das Geb\u00e4ck, das auf jeder Party was her macht, seinem Namen schon eher seine Ehre macht. Abe egal, &hellip; <a href=\"http:\/\/www.bonn-kocht.de\/?p=1730\">Weiterlesen <span class=\"meta-nav\">&rarr;<\/span><\/a><\/p>\n","protected":false},"author":2,"featured_media":0,"comment_status":"open","ping_status":"open","sticky":false,"template":"","format":"standard","meta":{"_coblocks_attr":"","_coblocks_dimensions":"","_coblocks_responsive_height":"","_coblocks_accordion_ie_support":"","om_disable_all_campaigns":false,"_monsterinsights_skip_tracking":false,"_monsterinsights_sitenote_active":false,"_monsterinsights_sitenote_note":"","_monsterinsights_sitenote_category":0,"_s2mail":"yes"},"categories":[1,8,47],"tags":[76,15,165],"aioseo_notices":[],"_links":{"self":[{"href":"http:\/\/www.bonn-kocht.de\/index.php?rest_route=\/wp\/v2\/posts\/1730"}],"collection":[{"href":"http:\/\/www.bonn-kocht.de\/index.php?rest_route=\/wp\/v2\/posts"}],"about":[{"href":"http:\/\/www.bonn-kocht.de\/index.php?rest_route=\/wp\/v2\/types\/post"}],"author":[{"embeddable":true,"href":"http:\/\/www.bonn-kocht.de\/index.php?rest_route=\/wp\/v2\/users\/2"}],"replies":[{"embeddable":true,"href":"http:\/\/www.bonn-kocht.de\/index.php?rest_route=%2Fwp%2Fv2%2Fcomments&post=1730"}],"version-history":[{"count":5,"href":"http:\/\/www.bonn-kocht.de\/index.php?rest_route=\/wp\/v2\/posts\/1730\/revisions"}],"predecessor-version":[{"id":1750,"href":"http:\/\/www.bonn-kocht.de\/index.php?rest_route=\/wp\/v2\/posts\/1730\/revisions\/1750"}],"wp:attachment":[{"href":"http:\/\/www.bonn-kocht.de\/index.php?rest_route=%2Fwp%2Fv2%2Fmedia&parent=1730"}],"wp:term":[{"taxonomy":"category","embeddable":true,"href":"http:\/\/www.bonn-kocht.de\/index.php?rest_route=%2Fwp%2Fv2%2Fcategories&post=1730"},{"taxonomy":"post_tag","embeddable":true,"href":"http:\/\/www.bonn-kocht.de\/index.php?rest_route=%2Fwp%2Fv2%2Ftags&post=1730"}],"curies":[{"name":"wp","href":"https:\/\/api.w.org\/{rel}","templated":true}]}}