{"id":1663,"date":"2015-06-29T14:37:23","date_gmt":"2015-06-29T14:37:23","guid":{"rendered":"http:\/\/www.bonn-kocht.de\/?p=1663"},"modified":"2015-06-29T16:06:24","modified_gmt":"2015-06-29T16:06:24","slug":"der-meister-der-kleinen-dinge-emil-kuntz-in-hayna","status":"publish","type":"post","link":"http:\/\/www.bonn-kocht.de\/?p=1663","title":{"rendered":"Der Meister der kleinen Dinge: Emil Kuntz in Hayna"},"content":{"rendered":"<div id=\"attachment_1661\" style=\"width: 810px\" class=\"wp-caption aligncenter\"><a href=\"http:\/\/www.bonn-kocht.de\/wp-content\/uploads\/2015\/06\/IMG_3175.jpg\"><img aria-describedby=\"caption-attachment-1661\" decoding=\"async\" loading=\"lazy\" class=\"size-full wp-image-1661\" src=\"http:\/\/www.bonn-kocht.de\/wp-content\/uploads\/2015\/06\/IMG_3175.jpg\" alt=\"Ein Kunstwerk: Lachs mit Tapioka-Perlen macht auch optisch was her.\" width=\"800\" height=\"600\" srcset=\"http:\/\/www.bonn-kocht.de\/wp-content\/uploads\/2015\/06\/IMG_3175.jpg 800w, http:\/\/www.bonn-kocht.de\/wp-content\/uploads\/2015\/06\/IMG_3175-300x225.jpg 300w, http:\/\/www.bonn-kocht.de\/wp-content\/uploads\/2015\/06\/IMG_3175-400x300.jpg 400w\" sizes=\"(max-width: 800px) 100vw, 800px\" \/><\/a><p id=\"caption-attachment-1661\" class=\"wp-caption-text\">Ein Kunstwerk: Sushi vom Nori-Lachs mit Tapioka-Perlen macht auch optisch was her.<\/p><\/div>\n<p>Herxheim-Hayna liegt da, wo die h\u00fcgelige S\u00fcdpfalz in die Rheinebene \u00fcbergeht. Also eigentlich da, wo die Weinh\u00fcgel in gro\u00dfe Getreidefelder auslaufen. Und trotzdem ist die Krone ein hei\u00dfer Tipp f\u00fcr ein wunderbares Wochenende. Es locken das besternte Gourmet-Restaurant und die Pf\u00e4lzer Stuben mit dem von schon von Helmut Kohl und Kurt Beck gesch\u00e4tzten Saumagen. Der schmeckt im Sommer auch auf der Terrasse im sch\u00f6nen Innenhof. Und damit die Kalorien sich nicht allzu schwer auf der H\u00fcfte niederschlagen, gibt es ein reichhaltiges Sportangebot, das von Hallenbad und Sauna \u00fcber Au\u00dfenpool und Tennisplatz bis zu den Jogging- und Fahrradstrecken im nahegelegenen Wald und \u00fcber die Felder reicht.<!--more--><\/p>\n<div id=\"attachment_1660\" style=\"width: 160px\" class=\"wp-caption alignright\"><a href=\"http:\/\/www.bonn-kocht.de\/wp-content\/uploads\/2015\/06\/IMG_3174.jpg\"><img aria-describedby=\"caption-attachment-1660\" decoding=\"async\" loading=\"lazy\" class=\"wp-image-1660 size-thumbnail\" src=\"http:\/\/www.bonn-kocht.de\/wp-content\/uploads\/2015\/06\/IMG_3174-150x150.jpg\" alt=\"IMG_3174\" width=\"150\" height=\"150\" srcset=\"http:\/\/www.bonn-kocht.de\/wp-content\/uploads\/2015\/06\/IMG_3174-150x150.jpg 150w, http:\/\/www.bonn-kocht.de\/wp-content\/uploads\/2015\/06\/IMG_3174-250x250.jpg 250w, http:\/\/www.bonn-kocht.de\/wp-content\/uploads\/2015\/06\/IMG_3174-50x50.jpg 50w\" sizes=\"(max-width: 150px) 100vw, 150px\" \/><\/a><p id=\"caption-attachment-1660\" class=\"wp-caption-text\">Die Etagere mit den Amuse bouches im Kronen-Restaurant.<\/p><\/div>\n<p>Kulinarisch liegt Herxheim-Hayna aber nicht nur in der Pfalz, sondern auch mitten in Asien.\u00a0 Zumindest im Kronen-Restaurant. Was die Darreichungsform angeht, ist Emil Kuntz im Herzen aber auch irgendwie Spanier. Wie sonst w\u00fcrde sich sein Hang zu den tapa-artigen Miniaturen erkl\u00e4ren lassen, die er als Amuse bouche zu Beginn jedes Essens auftischt, die aber auch in manchen seiner G\u00e4nge erneut auftauchen? Ein Meister der kleinen Dinge ist der asketische Langstreckenl\u00e4ufer, der sich bescheiden im Hintergrund h\u00e4lt und lieber seine Kreationen f\u00fcr sich sprechen l\u00e4sst.<\/p>\n<div id=\"attachment_1662\" style=\"width: 160px\" class=\"wp-caption alignleft\"><a href=\"http:\/\/www.bonn-kocht.de\/wp-content\/uploads\/2015\/06\/IMG_3176.jpg\"><img aria-describedby=\"caption-attachment-1662\" decoding=\"async\" loading=\"lazy\" class=\"wp-image-1662 size-thumbnail\" src=\"http:\/\/www.bonn-kocht.de\/wp-content\/uploads\/2015\/06\/IMG_3176-150x150.jpg\" alt=\"IMG_3176\" width=\"150\" height=\"150\" srcset=\"http:\/\/www.bonn-kocht.de\/wp-content\/uploads\/2015\/06\/IMG_3176-150x150.jpg 150w, http:\/\/www.bonn-kocht.de\/wp-content\/uploads\/2015\/06\/IMG_3176-250x250.jpg 250w, http:\/\/www.bonn-kocht.de\/wp-content\/uploads\/2015\/06\/IMG_3176-50x50.jpg 50w\" sizes=\"(max-width: 150px) 100vw, 150px\" \/><\/a><p id=\"caption-attachment-1662\" class=\"wp-caption-text\">Hummer mal anders: Krokette, Kaninchens\u00fclze und Maracuja-Salat.<\/p><\/div>\n<p>Notfalls auch mit Hilfe eines kleinen Merkzettels. Denn wer k\u00f6nnte \u00a0sich all die K\u00f6stlichkeiten schon merken, die sich auf der Etagere mit den Amuse bouches stapeln, davor oder danach f\u00fcr einen fulminanten Auftakt sorgen, auch wenn der nette Service sie alle formvollendet pr\u00e4sentiert? Andachtsvoll genie\u00dfen wir kleine Gedichte wie die Entenpraline auf asiatischem Enoki-Pilz-Gem\u00fcsesalat oder die Luxusversion einer Bruschetta. Mini-Hamburger,gef\u00fcllt mit Saibling, gebeizter Rinderr\u00fccken auf Pumpernickel mit Rotweinschalotten oer Kurkumah\u00f6rnchen mit Avocado und Gamberoni. Aus dem Rahmen f\u00e4llt da allein die Verbeugung vor der Region in Form von Saumagenw\u00fcrstle auf Rahmsauerkraut. &#8220;Kulinarische Gaumenkitzler&#8221; nennt der Chef diese Armada von Geschmacksb\u00f6mbchen. Und, entgegen aller Annahmen, freut man sich auf alles weitere und hat noch lange nicht genug.<\/p>\n<div id=\"attachment_1655\" style=\"width: 160px\" class=\"wp-caption alignright\"><a href=\"http:\/\/www.bonn-kocht.de\/wp-content\/uploads\/2015\/06\/IMG_3183.jpg\"><img aria-describedby=\"caption-attachment-1655\" decoding=\"async\" loading=\"lazy\" class=\"wp-image-1655 size-thumbnail\" src=\"http:\/\/www.bonn-kocht.de\/wp-content\/uploads\/2015\/06\/IMG_3183-150x150.jpg\" alt=\"Neuseel\u00e4nder Ochs in Sp\u00e4tburgunder mariniert mit Pf\u00e4lzer Grumbeere.\" width=\"150\" height=\"150\" srcset=\"http:\/\/www.bonn-kocht.de\/wp-content\/uploads\/2015\/06\/IMG_3183-150x150.jpg 150w, http:\/\/www.bonn-kocht.de\/wp-content\/uploads\/2015\/06\/IMG_3183-250x250.jpg 250w, http:\/\/www.bonn-kocht.de\/wp-content\/uploads\/2015\/06\/IMG_3183-50x50.jpg 50w\" sizes=\"(max-width: 150px) 100vw, 150px\" \/><\/a><p id=\"caption-attachment-1655\" class=\"wp-caption-text\">Neuseel\u00e4nder Ochs in Sp\u00e4tburgunder mariniert mit Pf\u00e4lzer Grumbeere.<\/p><\/div>\n<p>Auch der erste regul\u00e4re Gang kommt, wie sollte es anders sein, in Form mehrerer\u00a0Kleinigkeiten auf den Tisch. &#8220;Hummer mal anders&#8221;, als Gratin, als Krokette und als Maracuja-Salat. Und selbst das Gratin, sonst nicht gerade meine Liebling, zumal wenn die Gefahr besteht, sowas Feines wie den Hummer mit Sauce zuzukleistern, machen immer noch Appetit auf mehr. Die Weinbegleitung bleibt jetzt und auch sp\u00e4ter regional in der Pfalz verhaftet und das ist auch gut so. Wer das nicht m\u00f6chte, kann sich aber auch anders entscheiden zu G\u00e4nseleber, leicht ger\u00e4uchertem Zander oder in Zitrus\u00f6l pochierter Jakobsmuschel. Der Neuseel\u00e4nder Ochs zergeht auf der Zunge. Und sp\u00e4testens jetzt beginnt der Kampf mit sage und schreibe vier Desserts und anschlie\u00dfenden Kuchen und Pralinen. Da helfen nur noch ein Schnaps und ein Spaziergang sowie eine heftige Dosis Sport am n\u00e4chsten Morgen.<\/p>\n<div id=\"footer-hotel\" class=\"footer-box\"><a href=\"http:\/\/www.hotelkrone.de\" target=\"_blank\">Hotel Krone<\/a>,\u00a0Hauptstra\u00dfe 62-64, 76863 Herxheim-Hayna,<\/p>\n<div id=\"footer-tel\" class=\"footer-box\">Telefon 0 72 76-50 80,\u00a0Fax 0 72 76-50 81 4,\u00a0info@hotelkrone.de<\/div>\n<\/div>\n\n\t\t<style type=\"text\/css\">\n\t\t\t#gallery-1 {\n\t\t\t\tmargin: auto;\n\t\t\t}\n\t\t\t#gallery-1 .gallery-item {\n\t\t\t\tfloat: left;\n\t\t\t\tmargin-top: 10px;\n\t\t\t\ttext-align: center;\n\t\t\t\twidth: 33%;\n\t\t\t}\n\t\t\t#gallery-1 img {\n\t\t\t\tborder: 2px solid #cfcfcf;\n\t\t\t}\n\t\t\t#gallery-1 .gallery-caption {\n\t\t\t\tmargin-left: 0;\n\t\t\t}\n\t\t\t\/* see gallery_shortcode() in wp-includes\/media.php *\/\n\t\t<\/style>\n\t\t<div id='gallery-1' class='gallery galleryid-1663 gallery-columns-3 gallery-size-thumbnail'><dl class='gallery-item'>\n\t\t\t<dt class='gallery-icon landscape'>\n\t\t\t\t<a href='http:\/\/www.bonn-kocht.de\/?attachment_id=1654'><img width=\"150\" height=\"150\" src=\"http:\/\/www.bonn-kocht.de\/wp-content\/uploads\/2015\/06\/IMG_3177-150x150.jpg\" class=\"attachment-thumbnail size-thumbnail\" alt=\"\" decoding=\"async\" loading=\"lazy\" aria-describedby=\"gallery-1-1654\" srcset=\"http:\/\/www.bonn-kocht.de\/wp-content\/uploads\/2015\/06\/IMG_3177-150x150.jpg 150w, http:\/\/www.bonn-kocht.de\/wp-content\/uploads\/2015\/06\/IMG_3177-250x250.jpg 250w, http:\/\/www.bonn-kocht.de\/wp-content\/uploads\/2015\/06\/IMG_3177-50x50.jpg 50w\" sizes=\"(max-width: 150px) 100vw, 150px\" \/><\/a>\n\t\t\t<\/dt>\n\t\t\t\t<dd class='wp-caption-text gallery-caption' id='gallery-1-1654'>\n\t\t\t\tHummer mal anders&#8230;.\n\t\t\t\t<\/dd><\/dl><dl class='gallery-item'>\n\t\t\t<dt class='gallery-icon landscape'>\n\t\t\t\t<a href='http:\/\/www.bonn-kocht.de\/?attachment_id=1659'><img width=\"150\" height=\"150\" src=\"http:\/\/www.bonn-kocht.de\/wp-content\/uploads\/2015\/06\/IMG_3195-150x150.jpg\" class=\"attachment-thumbnail size-thumbnail\" alt=\"\" decoding=\"async\" loading=\"lazy\" aria-describedby=\"gallery-1-1659\" srcset=\"http:\/\/www.bonn-kocht.de\/wp-content\/uploads\/2015\/06\/IMG_3195-150x150.jpg 150w, http:\/\/www.bonn-kocht.de\/wp-content\/uploads\/2015\/06\/IMG_3195-250x250.jpg 250w, http:\/\/www.bonn-kocht.de\/wp-content\/uploads\/2015\/06\/IMG_3195-50x50.jpg 50w\" sizes=\"(max-width: 150px) 100vw, 150px\" \/><\/a>\n\t\t\t<\/dt>\n\t\t\t\t<dd class='wp-caption-text gallery-caption' id='gallery-1-1659'>\n\t\t\t\tVariation vom Rind&#8230;. \n\t\t\t\t<\/dd><\/dl><dl class='gallery-item'>\n\t\t\t<dt class='gallery-icon landscape'>\n\t\t\t\t<a href='http:\/\/www.bonn-kocht.de\/?attachment_id=1658'><img width=\"150\" height=\"150\" src=\"http:\/\/www.bonn-kocht.de\/wp-content\/uploads\/2015\/06\/IMG_3194-150x150.jpg\" class=\"attachment-thumbnail size-thumbnail\" alt=\"\" decoding=\"async\" loading=\"lazy\" aria-describedby=\"gallery-1-1658\" srcset=\"http:\/\/www.bonn-kocht.de\/wp-content\/uploads\/2015\/06\/IMG_3194-150x150.jpg 150w, http:\/\/www.bonn-kocht.de\/wp-content\/uploads\/2015\/06\/IMG_3194-250x250.jpg 250w, http:\/\/www.bonn-kocht.de\/wp-content\/uploads\/2015\/06\/IMG_3194-50x50.jpg 50w\" sizes=\"(max-width: 150px) 100vw, 150px\" \/><\/a>\n\t\t\t<\/dt>\n\t\t\t\t<dd class='wp-caption-text gallery-caption' id='gallery-1-1658'>\n\t\t\t\tLachs und Saibling&#8230;. \n\t\t\t\t<\/dd><\/dl><br style=\"clear: both\" \/><dl class='gallery-item'>\n\t\t\t<dt class='gallery-icon landscape'>\n\t\t\t\t<a href='http:\/\/www.bonn-kocht.de\/?attachment_id=1657'><img width=\"150\" height=\"150\" src=\"http:\/\/www.bonn-kocht.de\/wp-content\/uploads\/2015\/06\/IMG_3193-150x150.jpg\" class=\"attachment-thumbnail size-thumbnail\" alt=\"\" decoding=\"async\" loading=\"lazy\" aria-describedby=\"gallery-1-1657\" srcset=\"http:\/\/www.bonn-kocht.de\/wp-content\/uploads\/2015\/06\/IMG_3193-150x150.jpg 150w, http:\/\/www.bonn-kocht.de\/wp-content\/uploads\/2015\/06\/IMG_3193-250x250.jpg 250w, http:\/\/www.bonn-kocht.de\/wp-content\/uploads\/2015\/06\/IMG_3193-50x50.jpg 50w\" sizes=\"(max-width: 150px) 100vw, 150px\" \/><\/a>\n\t\t\t<\/dt>\n\t\t\t\t<dd class='wp-caption-text gallery-caption' id='gallery-1-1657'>\n\t\t\t\tAmuse bouches&#8230;.\n\t\t\t\t<\/dd><\/dl><dl class='gallery-item'>\n\t\t\t<dt class='gallery-icon landscape'>\n\t\t\t\t<a href='http:\/\/www.bonn-kocht.de\/?attachment_id=1656'><img width=\"150\" height=\"150\" src=\"http:\/\/www.bonn-kocht.de\/wp-content\/uploads\/2015\/06\/IMG_3191-150x150.jpg\" class=\"attachment-thumbnail size-thumbnail\" alt=\"\" decoding=\"async\" loading=\"lazy\" aria-describedby=\"gallery-1-1656\" srcset=\"http:\/\/www.bonn-kocht.de\/wp-content\/uploads\/2015\/06\/IMG_3191-150x150.jpg 150w, http:\/\/www.bonn-kocht.de\/wp-content\/uploads\/2015\/06\/IMG_3191-250x250.jpg 250w, http:\/\/www.bonn-kocht.de\/wp-content\/uploads\/2015\/06\/IMG_3191-50x50.jpg 50w\" sizes=\"(max-width: 150px) 100vw, 150px\" \/><\/a>\n\t\t\t<\/dt>\n\t\t\t\t<dd class='wp-caption-text gallery-caption' id='gallery-1-1656'>\n\t\t\t\tAuf der Terrasse&#8230;.\n\t\t\t\t<\/dd><\/dl>\n\t\t\t<br style='clear: both' \/>\n\t\t<\/div>\n\n<p>&nbsp;<\/p>\n","protected":false},"excerpt":{"rendered":"<p>Herxheim-Hayna liegt da, wo die h\u00fcgelige S\u00fcdpfalz in die Rheinebene \u00fcbergeht. Also eigentlich da, wo die Weinh\u00fcgel in gro\u00dfe Getreidefelder auslaufen. Und trotzdem ist die Krone ein hei\u00dfer Tipp f\u00fcr ein wunderbares Wochenende. Es locken das besternte Gourmet-Restaurant und die &hellip; <a href=\"http:\/\/www.bonn-kocht.de\/?p=1663\">Weiterlesen <span class=\"meta-nav\">&rarr;<\/span><\/a><\/p>\n","protected":false},"author":4,"featured_media":0,"comment_status":"open","ping_status":"open","sticky":false,"template":"","format":"standard","meta":{"_coblocks_attr":"","_coblocks_dimensions":"","_coblocks_responsive_height":"","_coblocks_accordion_ie_support":"","om_disable_all_campaigns":false,"_monsterinsights_skip_tracking":false,"_monsterinsights_sitenote_active":false,"_monsterinsights_sitenote_note":"","_monsterinsights_sitenote_category":0,"_s2mail":"yes"},"categories":[1,10,11],"tags":[158,157,159],"aioseo_notices":[],"_links":{"self":[{"href":"http:\/\/www.bonn-kocht.de\/index.php?rest_route=\/wp\/v2\/posts\/1663"}],"collection":[{"href":"http:\/\/www.bonn-kocht.de\/index.php?rest_route=\/wp\/v2\/posts"}],"about":[{"href":"http:\/\/www.bonn-kocht.de\/index.php?rest_route=\/wp\/v2\/types\/post"}],"author":[{"embeddable":true,"href":"http:\/\/www.bonn-kocht.de\/index.php?rest_route=\/wp\/v2\/users\/4"}],"replies":[{"embeddable":true,"href":"http:\/\/www.bonn-kocht.de\/index.php?rest_route=%2Fwp%2Fv2%2Fcomments&post=1663"}],"version-history":[{"count":11,"href":"http:\/\/www.bonn-kocht.de\/index.php?rest_route=\/wp\/v2\/posts\/1663\/revisions"}],"predecessor-version":[{"id":1722,"href":"http:\/\/www.bonn-kocht.de\/index.php?rest_route=\/wp\/v2\/posts\/1663\/revisions\/1722"}],"wp:attachment":[{"href":"http:\/\/www.bonn-kocht.de\/index.php?rest_route=%2Fwp%2Fv2%2Fmedia&parent=1663"}],"wp:term":[{"taxonomy":"category","embeddable":true,"href":"http:\/\/www.bonn-kocht.de\/index.php?rest_route=%2Fwp%2Fv2%2Fcategories&post=1663"},{"taxonomy":"post_tag","embeddable":true,"href":"http:\/\/www.bonn-kocht.de\/index.php?rest_route=%2Fwp%2Fv2%2Ftags&post=1663"}],"curies":[{"name":"wp","href":"https:\/\/api.w.org\/{rel}","templated":true}]}}