{"id":1586,"date":"2014-09-26T15:50:39","date_gmt":"2014-09-26T15:50:39","guid":{"rendered":"http:\/\/www.bonn-kocht.de\/?p=1586"},"modified":"2024-05-03T14:51:14","modified_gmt":"2024-05-03T14:51:14","slug":"darf-der-burger-mal-mit-kirsch-sein","status":"publish","type":"post","link":"http:\/\/www.bonn-kocht.de\/?p=1586","title":{"rendered":"Darf der Burger mal mit Kirsch sein?"},"content":{"rendered":"<div id=\"attachment_1577\" style=\"width: 1034px\" class=\"wp-caption alignright\"><a href=\"http:\/\/www.bonn-kocht.de\/wp-content\/uploads\/2014\/09\/Godesburger-3.jpg\"><img aria-describedby=\"caption-attachment-1577\" decoding=\"async\" loading=\"lazy\" class=\"size-full wp-image-1577\" src=\"http:\/\/www.bonn-kocht.de\/wp-content\/uploads\/2014\/09\/Godesburger-3.jpg\" alt=\"Ohne Messer und Gabel geht beim Kirschburger nichts.\" width=\"1024\" height=\"624\" srcset=\"http:\/\/www.bonn-kocht.de\/wp-content\/uploads\/2014\/09\/Godesburger-3.jpg 1024w, http:\/\/www.bonn-kocht.de\/wp-content\/uploads\/2014\/09\/Godesburger-3-300x182.jpg 300w, http:\/\/www.bonn-kocht.de\/wp-content\/uploads\/2014\/09\/Godesburger-3-492x300.jpg 492w\" sizes=\"(max-width: 1024px) 100vw, 1024px\" \/><\/a><p id=\"caption-attachment-1577\" class=\"wp-caption-text\">Ohne Messer und Gabel geht beim Kirschburger nichts.<\/p><\/div>\n<p>Sie hei\u00dfen <a title=\"Burgermanufaktur\" href=\"http:\/\/burgermanufaktur-bonn.de\/\" target=\"_blank\" rel=\"noopener\">Burgermanufaktur<\/a> oder <a title=\"Burgermeisterei\" href=\"http:\/\/www.burgermeisterei.de\/\" target=\"_blank\" rel=\"noopener\">Burgermeisterei<\/a>. Es scheint, dass gegrilltes Hackfleisch so sehr in aller Munde ist wie selten zuvor. Ein neuer Fast-Food-Trend? Wohl eher nicht, denn bei den neuen Burgerbuden ist alle deluxe. Selbst von Bude oder Imbiss zu sprechen, wird der Sache nicht gerecht. In die Reihe der feinen Schnellrestaurants mit Wortspielnamen reiht sich nun auch der Godesburger ein.<!--more-->Der h\u00e4tte die Burg im Logo eigentlich gar nicht n\u00f6tig, denn der Name sagt alles aus: Es kommt aus Bad Godesberg, liegt unterhalb der Burg auf dem Grill (und dann ist auch noch die B\u00fcrgerstra\u00dfe um die Ecke&#8230;). Eine Besonderheit des Restaurants am Moltkeplatz: Der Betrieb ist integrativ. Behinderte und Nichtbehinderte arbeiten zusammen. Zum Team geh\u00f6ren auch Leute, die es sonst auf dem Arbeitsmarkt schwer haben.<\/p>\n<div id=\"attachment_1578\" style=\"width: 310px\" class=\"wp-caption alignleft\"><a href=\"http:\/\/www.bonn-kocht.de\/wp-content\/uploads\/2014\/09\/Godesburger-4.jpg\"><img aria-describedby=\"caption-attachment-1578\" decoding=\"async\" loading=\"lazy\" class=\"size-medium wp-image-1578\" src=\"http:\/\/www.bonn-kocht.de\/wp-content\/uploads\/2014\/09\/Godesburger-4-300x204.jpg\" alt=\"Wirklich schick, der Laden. Da st\u00f6ren nur die rotwei\u00dfen Poller.\" width=\"300\" height=\"204\" srcset=\"http:\/\/www.bonn-kocht.de\/wp-content\/uploads\/2014\/09\/Godesburger-4-300x204.jpg 300w, http:\/\/www.bonn-kocht.de\/wp-content\/uploads\/2014\/09\/Godesburger-4-440x300.jpg 440w, http:\/\/www.bonn-kocht.de\/wp-content\/uploads\/2014\/09\/Godesburger-4.jpg 1024w\" sizes=\"(max-width: 300px) 100vw, 300px\" \/><\/a><p id=\"caption-attachment-1578\" class=\"wp-caption-text\">Wirklich schick, der Laden. Da st\u00f6ren nur die rotwei\u00dfen Poller.<\/p><\/div>\n<p>So passt es nat\u00fcrlich auch, dass nicht irgendwas auf den Tisch kommt. Die K\u00fcche setzt auf regionale Produkte und artgerechte Tierhaltung. Die Br\u00f6tchen kommen von Maus um die Ecke, das Gem\u00fcse hat Bioqualit\u00e4t. Das hat seinen Preis, der zu zahlen sich lohnt.<\/p>\n<p>Warum? Der Geschmack. Eigentlich scheint es ja absurd, an sich deftiges Essen \u2013 Burger mit Pommes \u2013 auf ein hohes Niveau zu bringen. Doch es gelingt. Das Rind schmeckt, gut gew\u00fcrzt mit Pfeffer und Salz, nach Rind.<\/p>\n<div id=\"attachment_1579\" style=\"width: 160px\" class=\"wp-caption alignright\"><a href=\"http:\/\/www.bonn-kocht.de\/wp-content\/uploads\/2014\/09\/Godesburger-1.jpg\"><img aria-describedby=\"caption-attachment-1579\" decoding=\"async\" loading=\"lazy\" class=\"size-thumbnail wp-image-1579\" src=\"http:\/\/www.bonn-kocht.de\/wp-content\/uploads\/2014\/09\/Godesburger-1-150x150.jpg\" alt=\"Eine Limo, bitte.\" width=\"150\" height=\"150\" srcset=\"http:\/\/www.bonn-kocht.de\/wp-content\/uploads\/2014\/09\/Godesburger-1-150x150.jpg 150w, http:\/\/www.bonn-kocht.de\/wp-content\/uploads\/2014\/09\/Godesburger-1-250x250.jpg 250w, http:\/\/www.bonn-kocht.de\/wp-content\/uploads\/2014\/09\/Godesburger-1-50x50.jpg 50w\" sizes=\"(max-width: 150px) 100vw, 150px\" \/><\/a><p id=\"caption-attachment-1579\" class=\"wp-caption-text\">Eine Limo, bitte.<\/p><\/div>\n<p>Die handgemachten und doppelt frittierten Pommes im Jumboformat sind au\u00dfen kross, innen weich. Nur die Tomaten im Br\u00f6tchen d\u00fcrften hier und da was roter sein und entsprechend mehr Geschmack haben. Doch das wird sicher nur an der Jahreszeit liegen. So ist das.<\/p>\n<p>Der Godesburger selbst bringt ger\u00f6stete Zwiebelringe mit, ein anderer Speck und ein Knoblauch-Chili-Topping. Wir w\u00e4re es mit dem Preisel Bert, der Camembert an Bord hat? Klasse ist aber einfach die Grillkirsche mit Kirschketchup. Wer sich darunter jetzt angereicherten Tomatenketchup vorstellt, liegt falsch. Vielmehr ist es, \u00e4hnlich Preiselbeeren, eine herzhafte, marmeladen\u00e4hnliche Sauce. Auf der Karte des schicken Bistros werden auch Vegetarier und Veganer f\u00fcndig. Der Big Mac war gestern.<\/p>\n<div id=\"attachment_1576\" style=\"width: 1034px\" class=\"wp-caption aligncenter\"><a href=\"http:\/\/www.bonn-kocht.de\/wp-content\/uploads\/2014\/09\/Godesburger-2.jpg\"><img aria-describedby=\"caption-attachment-1576\" decoding=\"async\" loading=\"lazy\" class=\"size-full wp-image-1576\" src=\"http:\/\/www.bonn-kocht.de\/wp-content\/uploads\/2014\/09\/Godesburger-2.jpg\" alt=\"Lieber schick, ganz ohne goldenes M.\" width=\"1024\" height=\"536\" srcset=\"http:\/\/www.bonn-kocht.de\/wp-content\/uploads\/2014\/09\/Godesburger-2.jpg 1024w, http:\/\/www.bonn-kocht.de\/wp-content\/uploads\/2014\/09\/Godesburger-2-300x157.jpg 300w, http:\/\/www.bonn-kocht.de\/wp-content\/uploads\/2014\/09\/Godesburger-2-500x261.jpg 500w\" sizes=\"(max-width: 1024px) 100vw, 1024px\" \/><\/a><p id=\"caption-attachment-1576\" class=\"wp-caption-text\">Lieber schick, ganz ohne goldenes M.<\/p><\/div>\n<p><a title=\"Godesburger\" href=\"http:\/\/bessere.godesburger.org\/\" target=\"_blank\" rel=\"noopener\">Godesburger<\/a><br \/>\nMoltkeplatz 2<br \/>\n53173 Bad Godesberg<br \/>\nTel 0228-90 90 12 18<br \/>\n<a href=\"mailto:info@godesburger.com\" target=\"_blank\" rel=\"noopener\">E-Mail<\/a><\/p>\n<p><iframe loading=\"lazy\" style=\"border: 0;\" src=\"https:\/\/www.google.com\/maps\/embed?pb=!1m14!1m8!1m3!1d1263.9303139175922!2d7.154666731701776!3d50.68541198400026!3m2!1i1024!2i768!4f13.1!3m3!1m2!1s0x47bee4726450a5cb%3A0x97df76290e1cd7da!2sMoltkeplatz+2%2C+53173+Bonn!5e0!3m2!1sde!2sde!4v1411894951669\" width=\"400\" height=\"300\" frameborder=\"0\"><\/iframe><\/p>\n","protected":false},"excerpt":{"rendered":"<p>Sie hei\u00dfen Burgermanufaktur oder Burgermeisterei. Es scheint, dass gegrilltes Hackfleisch so sehr in aller Munde ist wie selten zuvor. Ein neuer Fast-Food-Trend? Wohl eher nicht, denn bei den neuen Burgerbuden ist alle deluxe. Selbst von Bude oder Imbiss zu sprechen, &hellip; <a href=\"http:\/\/www.bonn-kocht.de\/?p=1586\">Weiterlesen <span class=\"meta-nav\">&rarr;<\/span><\/a><\/p>\n","protected":false},"author":2,"featured_media":0,"comment_status":"open","ping_status":"open","sticky":false,"template":"","format":"standard","meta":{"_coblocks_attr":"","_coblocks_dimensions":"","_coblocks_responsive_height":"","_coblocks_accordion_ie_support":"","om_disable_all_campaigns":false,"_monsterinsights_skip_tracking":false,"_monsterinsights_sitenote_active":false,"_monsterinsights_sitenote_note":"","_monsterinsights_sitenote_category":0,"_s2mail":"yes"},"categories":[1,10,8],"tags":[15,147,148,67],"aioseo_notices":[],"_links":{"self":[{"href":"http:\/\/www.bonn-kocht.de\/index.php?rest_route=\/wp\/v2\/posts\/1586"}],"collection":[{"href":"http:\/\/www.bonn-kocht.de\/index.php?rest_route=\/wp\/v2\/posts"}],"about":[{"href":"http:\/\/www.bonn-kocht.de\/index.php?rest_route=\/wp\/v2\/types\/post"}],"author":[{"embeddable":true,"href":"http:\/\/www.bonn-kocht.de\/index.php?rest_route=\/wp\/v2\/users\/2"}],"replies":[{"embeddable":true,"href":"http:\/\/www.bonn-kocht.de\/index.php?rest_route=%2Fwp%2Fv2%2Fcomments&post=1586"}],"version-history":[{"count":8,"href":"http:\/\/www.bonn-kocht.de\/index.php?rest_route=\/wp\/v2\/posts\/1586\/revisions"}],"predecessor-version":[{"id":2477,"href":"http:\/\/www.bonn-kocht.de\/index.php?rest_route=\/wp\/v2\/posts\/1586\/revisions\/2477"}],"wp:attachment":[{"href":"http:\/\/www.bonn-kocht.de\/index.php?rest_route=%2Fwp%2Fv2%2Fmedia&parent=1586"}],"wp:term":[{"taxonomy":"category","embeddable":true,"href":"http:\/\/www.bonn-kocht.de\/index.php?rest_route=%2Fwp%2Fv2%2Fcategories&post=1586"},{"taxonomy":"post_tag","embeddable":true,"href":"http:\/\/www.bonn-kocht.de\/index.php?rest_route=%2Fwp%2Fv2%2Ftags&post=1586"}],"curies":[{"name":"wp","href":"https:\/\/api.w.org\/{rel}","templated":true}]}}