{"id":1537,"date":"2014-09-21T17:48:44","date_gmt":"2014-09-21T17:48:44","guid":{"rendered":"http:\/\/www.bonn-kocht.de\/?p=1537"},"modified":"2014-09-22T13:40:46","modified_gmt":"2014-09-22T13:40:46","slug":"la-cor-de-chasse-in-weris-sternekueche-zum-spottpreis","status":"publish","type":"post","link":"http:\/\/www.bonn-kocht.de\/?p=1537","title":{"rendered":"La Cor de Chasse in W\u00e9ris: Sternek\u00fcche zum Spottpreis"},"content":{"rendered":"<div id=\"attachment_1556\" style=\"width: 1034px\" class=\"wp-caption aligncenter\"><a href=\"http:\/\/www.bonn-kocht.de\/wp-content\/uploads\/2014\/09\/Belgien-syl-61.jpg\"><img aria-describedby=\"caption-attachment-1556\" decoding=\"async\" loading=\"lazy\" class=\"size-full wp-image-1556\" src=\"http:\/\/www.bonn-kocht.de\/wp-content\/uploads\/2014\/09\/Belgien-syl-61.jpg\" alt=\"Blick in die K\u00fcche: Mario Elias am Herd.\" width=\"1024\" height=\"768\" srcset=\"http:\/\/www.bonn-kocht.de\/wp-content\/uploads\/2014\/09\/Belgien-syl-61.jpg 1024w, http:\/\/www.bonn-kocht.de\/wp-content\/uploads\/2014\/09\/Belgien-syl-61-300x225.jpg 300w, http:\/\/www.bonn-kocht.de\/wp-content\/uploads\/2014\/09\/Belgien-syl-61-400x300.jpg 400w\" sizes=\"(max-width: 1024px) 100vw, 1024px\" \/><\/a><p id=\"caption-attachment-1556\" class=\"wp-caption-text\">Blick in die K\u00fcche: Mario Elias am Herd.<\/p><\/div>\n<p>Ute hat schon gequengelt, dass es so lange dauert, bis hier etwas von unserem kulinarischen Wochenend-Trip in die Wallonie zu lesen ist. Und Recht hat sie, auch wenn unser Sp\u00e4tsommer-Ausflug ins <a href=\"http:\/\/www.lecordechasse.be\" target=\"_blank\">La Cor de Chasse <\/a>in W\u00e9ris wettertechnisch wie so vieles in dieser Jahreszeit, die ihren Namen nicht verdient, ganz regelrecht ins Wasser gefallen ist. <!--more-->Aber bei Dauerregen wussten wir vielleicht auch besonders zu sch\u00e4tzen, welche aromaintensiven Spektakel sich auf unseren Tellern abspielten. Ein kulinarisches Highlight zum vergleichsweise kleinen Preis. Nachahmung dringen empfohlen. Wir machen es sicher auch.<\/p>\n<div id=\"attachment_1562\" style=\"width: 310px\" class=\"wp-caption alignleft\"><a href=\"http:\/\/www.bonn-kocht.de\/wp-content\/uploads\/2014\/09\/Belgien-syl-14.jpg\"><img aria-describedby=\"caption-attachment-1562\" decoding=\"async\" loading=\"lazy\" class=\"size-medium wp-image-1562\" src=\"http:\/\/www.bonn-kocht.de\/wp-content\/uploads\/2014\/09\/Belgien-syl-14-300x217.jpg\" alt=\"Salz, Oliven\u00f6l und Butter.\" width=\"300\" height=\"217\" srcset=\"http:\/\/www.bonn-kocht.de\/wp-content\/uploads\/2014\/09\/Belgien-syl-14-300x217.jpg 300w, http:\/\/www.bonn-kocht.de\/wp-content\/uploads\/2014\/09\/Belgien-syl-14-412x300.jpg 412w, http:\/\/www.bonn-kocht.de\/wp-content\/uploads\/2014\/09\/Belgien-syl-14.jpg 1024w\" sizes=\"(max-width: 300px) 100vw, 300px\" \/><\/a><p id=\"caption-attachment-1562\" class=\"wp-caption-text\">Salz, Oliven\u00f6l und Butter.<\/p><\/div>\n<p>Was um Himmels Willen ist &#8220;La Rue&#8221;?! Trotz unserer eigens mitgebrachten pers\u00f6nlichen \u00dcbersetzerin Florence kamen wir dem Namen des geschmacksintensiven Kr\u00e4utchens zun\u00e4chst nicht auf die Spur. Denn &#8220;die Stra\u00dfe&#8221; konnte es nun wirklich nicht sein. Inzwischen ist der Knoten geplatzt, wir haben mit Hilfe von Internet und Nachschlagewerken die Weinraute identifiziert. Ein Kraut, das wegen seines intensiven Geschmacks und seines \u00e4therischen \u00d6ls nicht nur im Grappa und in Fleisch- und Fischgerichten, sondern auch in Parf\u00fcm seine Anwendung findet.<\/p>\n<div id=\"attachment_1563\" style=\"width: 310px\" class=\"wp-caption alignright\"><a href=\"http:\/\/www.bonn-kocht.de\/wp-content\/uploads\/2014\/09\/P1120138.jpg\"><img aria-describedby=\"caption-attachment-1563\" decoding=\"async\" loading=\"lazy\" class=\"size-medium wp-image-1563\" src=\"http:\/\/www.bonn-kocht.de\/wp-content\/uploads\/2014\/09\/P1120138-300x200.jpg\" alt=\"Willkommen, bitte eintreten.\" width=\"300\" height=\"200\" srcset=\"http:\/\/www.bonn-kocht.de\/wp-content\/uploads\/2014\/09\/P1120138-300x200.jpg 300w, http:\/\/www.bonn-kocht.de\/wp-content\/uploads\/2014\/09\/P1120138-449x300.jpg 449w, http:\/\/www.bonn-kocht.de\/wp-content\/uploads\/2014\/09\/P1120138.jpg 1024w\" sizes=\"(max-width: 300px) 100vw, 300px\" \/><\/a><p id=\"caption-attachment-1563\" class=\"wp-caption-text\">Willkommen, bitte eintreten.<\/p><\/div>\n<p>Diese und andere Aromabomben finden sich auf den Tellern, die Mario Elias in dem renovierten Gutshaus aus dem 17. Jahrhundert anrichtet. Immer wieder tauchen kleine Geleetupfer mit den verschiedensten konzentrierten Aromen auf, darunter immer mal Zitrusfr\u00fcchte. Und die verwendet er zum Beispiel auch in Kombination mit Schokolade in den selbstgemachten Pralinen, die uns zum Willkommens-Champagner im Kaminzimmer serviert werden. Ein Wohlgeschmack, der zun\u00e4chst ebenfalls R\u00e4tsel aufgibt. &#8220;Bergamotte&#8221;, schl\u00e4gt Ute vor. Und liegt damit richtig.<\/p>\n<p>Sp\u00e4ter nehmen wir den Aperitif an der Table d\u2019h\u00f4te, von der aus der Blick durch eine gro\u00dfe Glasscheibe in die K\u00fcche schweift. Erstaunlich, mit welcher Ruhe das Team um den Chef zu Werke geht. Die Restaurant-K\u00fcchen typische Hektik? Fehlanzeige. Knappe Anweisungen im Kommandoton? Dito. Daf\u00fcr gibt es k\u00f6stliche Amuse gueules, die Augenweide und Gaumenschmaus zugleich sind. \u00dcberhaupt ist jeder Teller ein Gedicht. Das Zweierlei vom Kalb, das als Tatar mit frischen Zitrusaromen und als in d\u00fcnne Scheiben aufgeschnittener Braten mit einer k\u00f6stlichen Vinaigrette daher kommt. Ganz besonders der Wolfsbarsch, der nicht nur perfekt auf der Haut gebraten ist, sondern zusammen mit Tomaten, Aubergine und diversen Kr\u00e4utern einfach k\u00f6stliches Soulfood abgibt. Wenn man da nicht w\u00fcsste, dass noch weitere G\u00e4nge warten, w\u00fcrde man dringend nach mehr verlangen. Der junge und nette Service hat das ausgebuchte Restaurant im Griff, was zugegebenerma\u00dfen dadurch erleichtert wird, dass mehr oder minder alle das gro\u00dfe Menu Prestige w\u00e4hlen. Erg\u00e4nzt um die Weinbegleitung.<\/p>\n<p>Das Sechs-Gang-Menu w\u00e4chst sich dank der zahlreichen Amuse gueules und des Pr\u00e9 Desserts zu einer phantastisch langen Speisenfolge aus. Und trotzdem ist keiner von uns am Ende \u00fcbers\u00e4ttigt. Was daran liegt, dass Mario Elias auf jegliche S\u00e4ttigungsbeilagen verzichtet. Der Hummer beim Zwischengang, die Ente im Hauptgericht, die Zutaten sprechen f\u00fcr sich. Kombiniert mit den \u00fcberraschenden Aromen aus Gem\u00fcsen, Gew\u00fcrzen, Fr\u00fcchten und Kr\u00e4utern. Das passt auch f\u00fcr unseren Freund, der so gut wie immer auf Kohlehydrate verzichtet und auch beim Zucker passen muss. Kein Problem f\u00fcr die K\u00fcche, die ihm ein besonderes Dessert anrichtet. Einen Teller voller wundersch\u00f6ner Fr\u00fcchte, Blumen und Kr\u00e4utlein, der duftet, als w\u00fcrde an diesem verregneten Wochenende der Sommer auf dem Tisch stehen.<\/p>\n<p>Damit ist unsere &#8220;Formule gastronomique 1 nuit&#8221; noch lange nicht zu Ende. Beschwipst fallen wir in die Betten unserer originell gestalteten Zimmer in der Bergerie. Nach dem Fr\u00fchst\u00fcck drehen wir mutig eine Runde ums Dorf, angeblich eines der sch\u00f6nsten der Wallonie. Aber der Dauerregen macht uns zu schaffen. Egal, am Mittag sitzen wir wieder an der Table\u00a0d\u2019h\u00f4te, wo diesmal f\u00fcr das ganze Essen f\u00fcr uns eingedeckt ist. Denn ein Drei-Gang-Menu z\u00e4hlt auch noch zu dem Arrangement, das in Summe 160 Euro pro Person kostet. Alles inklusive, nur die Weinbegleitung, Wasser und Kaffee kommen extra. Und wir kommen wieder, schon allein weil an dem verregneten Wochenende wirklich keiner von uns in den Pool hinter dem Haus gesprungen ist. Das m\u00fcssen wir nachholen. Ganz bestimmt.<\/p>\n<h3 class=\"r\" style=\"color: #222222; font-size: medium; font-family: arial, sans-serif;\">\u00a0<div class=\"slideshow\"><div id=\"ngg_slideshow1515371\" class=\"ngg-slideshow owl-carousel\" style=\"max-width: 320px; max-height: 240px;\"><img src=\"http:\/\/www.bonn-kocht.de\/wp-content\/gallery\/belgien-weris\/belgien-10.jpg\" alt=\"belgien-10\" style=\"max-width: 320px; max-height: 240px; width: auto; height:auto; margin:auto\"><img src=\"http:\/\/www.bonn-kocht.de\/wp-content\/gallery\/belgien-weris\/belgien-11.jpg\" alt=\"belgien-11\" style=\"max-width: 320px; max-height: 240px; width: auto; height:auto; margin:auto\"><img src=\"http:\/\/www.bonn-kocht.de\/wp-content\/gallery\/belgien-weris\/belgien-12.jpg\" alt=\"belgien-12\" style=\"max-width: 320px; max-height: 240px; width: auto; height:auto; margin:auto\"><img src=\"http:\/\/www.bonn-kocht.de\/wp-content\/gallery\/belgien-weris\/belgien-syl-7.jpg\" alt=\"belgien-syl-7\" style=\"max-width: 320px; max-height: 240px; width: auto; height:auto; margin:auto\"><img src=\"http:\/\/www.bonn-kocht.de\/wp-content\/gallery\/belgien-weris\/belgien-13.jpg\" alt=\"belgien-13\" style=\"max-width: 320px; max-height: 240px; width: auto; height:auto; margin:auto\"><img src=\"http:\/\/www.bonn-kocht.de\/wp-content\/gallery\/belgien-weris\/belgien-14.jpg\" alt=\"belgien-14\" style=\"max-width: 320px; max-height: 240px; width: auto; height:auto; margin:auto\"><img src=\"http:\/\/www.bonn-kocht.de\/wp-content\/gallery\/belgien-weris\/belgien-15.jpg\" alt=\"belgien-15\" style=\"max-width: 320px; max-height: 240px; width: auto; height:auto; margin:auto\"><img src=\"http:\/\/www.bonn-kocht.de\/wp-content\/gallery\/belgien-weris\/belgien-16.jpg\" alt=\"belgien-16\" style=\"max-width: 320px; max-height: 240px; width: auto; height:auto; margin:auto\"><img src=\"http:\/\/www.bonn-kocht.de\/wp-content\/gallery\/belgien-weris\/belgien-22.jpg\" alt=\"belgien-22\" style=\"max-width: 320px; max-height: 240px; width: auto; height:auto; margin:auto\"><img src=\"http:\/\/www.bonn-kocht.de\/wp-content\/gallery\/belgien-weris\/belgien-18.jpg\" alt=\"belgien-18\" style=\"max-width: 320px; max-height: 240px; width: auto; height:auto; margin:auto\"><img src=\"http:\/\/www.bonn-kocht.de\/wp-content\/gallery\/belgien-weris\/belgien-19.jpg\" alt=\"belgien-19\" style=\"max-width: 320px; max-height: 240px; width: auto; height:auto; margin:auto\"><img src=\"http:\/\/www.bonn-kocht.de\/wp-content\/gallery\/belgien-weris\/belgien-20.jpg\" alt=\"belgien-20\" style=\"max-width: 320px; max-height: 240px; width: auto; height:auto; margin:auto\"><img src=\"http:\/\/www.bonn-kocht.de\/wp-content\/gallery\/belgien-weris\/belgien-23.jpg\" alt=\"belgien-23\" style=\"max-width: 320px; max-height: 240px; width: auto; height:auto; margin:auto\"><img src=\"http:\/\/www.bonn-kocht.de\/wp-content\/gallery\/belgien-weris\/belgien-24.jpg\" alt=\"belgien-24\" style=\"max-width: 320px; max-height: 240px; width: auto; height:auto; margin:auto\"><img src=\"http:\/\/www.bonn-kocht.de\/wp-content\/gallery\/belgien-weris\/belgien-25.jpg\" alt=\"belgien-25\" style=\"max-width: 320px; max-height: 240px; width: auto; height:auto; margin:auto\"><img src=\"http:\/\/www.bonn-kocht.de\/wp-content\/gallery\/belgien-weris\/belgien-26.jpg\" alt=\"belgien-26\" style=\"max-width: 320px; max-height: 240px; width: auto; height:auto; margin:auto\"><img src=\"http:\/\/www.bonn-kocht.de\/wp-content\/gallery\/belgien-weris\/belgien-27.jpg\" alt=\"belgien-27\" style=\"max-width: 320px; max-height: 240px; width: auto; height:auto; margin:auto\"><img src=\"http:\/\/www.bonn-kocht.de\/wp-content\/gallery\/belgien-weris\/belgien-syl-13.jpg\" alt=\"belgien-syl-13\" style=\"max-width: 320px; max-height: 240px; width: auto; height:auto; margin:auto\"><img src=\"http:\/\/www.bonn-kocht.de\/wp-content\/gallery\/belgien-weris\/belgien-syl-12.jpg\" alt=\"belgien-syl-12\" style=\"max-width: 320px; max-height: 240px; width: auto; height:auto; margin:auto\"><img src=\"http:\/\/www.bonn-kocht.de\/wp-content\/gallery\/belgien-weris\/belgien-syl-11.jpg\" alt=\"belgien-syl-11\" style=\"max-width: 320px; max-height: 240px; width: auto; height:auto; margin:auto\"><img src=\"http:\/\/www.bonn-kocht.de\/wp-content\/gallery\/belgien-weris\/belgien-syl-4.jpg\" alt=\"belgien-syl-4\" style=\"max-width: 320px; max-height: 240px; width: auto; height:auto; margin:auto\"><img src=\"http:\/\/www.bonn-kocht.de\/wp-content\/gallery\/belgien-weris\/belgien-syl-5.jpg\" alt=\"belgien-syl-5\" style=\"max-width: 320px; max-height: 240px; width: auto; height:auto; margin:auto\"><img src=\"http:\/\/www.bonn-kocht.de\/wp-content\/gallery\/belgien-weris\/belgien-5.jpg\" alt=\"belgien-5\" style=\"max-width: 320px; max-height: 240px; width: auto; height:auto; margin:auto\"><img src=\"http:\/\/www.bonn-kocht.de\/wp-content\/gallery\/belgien-weris\/belgien-6.jpg\" alt=\"belgien-6\" style=\"max-width: 320px; max-height: 240px; width: auto; height:auto; margin:auto\"><img src=\"http:\/\/www.bonn-kocht.de\/wp-content\/gallery\/belgien-weris\/belgien-9.jpg\" alt=\"belgien-9\" style=\"max-width: 320px; max-height: 240px; width: auto; height:auto; margin:auto\"><img src=\"http:\/\/www.bonn-kocht.de\/wp-content\/gallery\/belgien-weris\/belgien-8.jpg\" alt=\"belgien-8\" style=\"max-width: 320px; max-height: 240px; width: auto; height:auto; margin:auto\"><img src=\"http:\/\/www.bonn-kocht.de\/wp-content\/gallery\/belgien-weris\/belgien-syl-1.jpg\" alt=\"belgien-syl-1\" style=\"max-width: 320px; max-height: 240px; width: auto; height:auto; margin:auto\"><img src=\"http:\/\/www.bonn-kocht.de\/wp-content\/gallery\/belgien-weris\/belgien-syl-2.jpg\" alt=\"belgien-syl-2\" style=\"max-width: 320px; max-height: 240px; width: auto; height:auto; margin:auto\"><\/div><\/div>\n\n<script type=\"text\/javascript\">jQuery(document).ready(function($) {\r\n\t\t\tvar owl = $('#ngg_slideshow1515371');\r\n\t\t\towl.owlCarousel({\r\n\t\t\t\titems: 1,\r\n\t\t\t\tautoHeight: false,\r\n\t            dots: false,\r\n\t            autoplay: true,\r\n\t\t\t\tautoplayTimeout: 10000,\r\n\t\t\t\tautoplayHoverPause: true,\r\n\t\t\t\tanimateIn: 'fade',\r\n\t\t\t\tanimateOut: 'fadeOut',\r\n\t\t\t\tloop: true,\r\n\t\t\t\tmouseDrag: true,\r\n\t\t\t\ttouchDrag: true\r\n\t\t\t});\nowl.click( function () {\r\n                    owl.trigger( 'next.owl.carousel' );\r\n                } );});\n<\/script><\/h3>\n<p><em><a href=\"http:\/\/www.lecordechasse.be\" target=\"_blank\">Le Cor de Chasse<\/a>, Rue des Combattants 16, 6940 W\u00e9ris, Belgien. Telefon 086-211498.<\/em><\/p>\n<p><iframe loading=\"lazy\" style=\"border: 0;\" src=\"https:\/\/www.google.com\/maps\/embed?pb=!1m18!1m12!1m3!1d2547.2641671496626!2d5.52933000000001!3d50.3243226!2m3!1f0!2f0!3f0!3m2!1i1024!2i768!4f13.1!3m3!1m2!1s0x47c0458c417f0ff1%3A0xb1cf199e8ea1b223!2sRue+des+Combattants+16%2C+6940+Durbuy%2C+Belgien!5e0!3m2!1sde!2sde!4v1411202219285\" width=\"400\" height=\"300\" frameborder=\"0\"><\/iframe><\/p>\n<p>&nbsp;<\/p>\n","protected":false},"excerpt":{"rendered":"<p>Ute hat schon gequengelt, dass es so lange dauert, bis hier etwas von unserem kulinarischen Wochenend-Trip in die Wallonie zu lesen ist. Und Recht hat sie, auch wenn unser Sp\u00e4tsommer-Ausflug ins La Cor de Chasse in W\u00e9ris wettertechnisch wie so &hellip; <a href=\"http:\/\/www.bonn-kocht.de\/?p=1537\">Weiterlesen <span class=\"meta-nav\">&rarr;<\/span><\/a><\/p>\n","protected":false},"author":4,"featured_media":0,"comment_status":"open","ping_status":"open","sticky":false,"template":"","format":"standard","meta":{"_coblocks_attr":"","_coblocks_dimensions":"","_coblocks_responsive_height":"","_coblocks_accordion_ie_support":"","om_disable_all_campaigns":false,"_monsterinsights_skip_tracking":false,"_monsterinsights_sitenote_active":false,"_monsterinsights_sitenote_note":"","_monsterinsights_sitenote_category":0,"_s2mail":"yes"},"categories":[1,10,11],"tags":[137,138,146,70,99,139],"aioseo_notices":[],"_links":{"self":[{"href":"http:\/\/www.bonn-kocht.de\/index.php?rest_route=\/wp\/v2\/posts\/1537"}],"collection":[{"href":"http:\/\/www.bonn-kocht.de\/index.php?rest_route=\/wp\/v2\/posts"}],"about":[{"href":"http:\/\/www.bonn-kocht.de\/index.php?rest_route=\/wp\/v2\/types\/post"}],"author":[{"embeddable":true,"href":"http:\/\/www.bonn-kocht.de\/index.php?rest_route=\/wp\/v2\/users\/4"}],"replies":[{"embeddable":true,"href":"http:\/\/www.bonn-kocht.de\/index.php?rest_route=%2Fwp%2Fv2%2Fcomments&post=1537"}],"version-history":[{"count":20,"href":"http:\/\/www.bonn-kocht.de\/index.php?rest_route=\/wp\/v2\/posts\/1537\/revisions"}],"predecessor-version":[{"id":1574,"href":"http:\/\/www.bonn-kocht.de\/index.php?rest_route=\/wp\/v2\/posts\/1537\/revisions\/1574"}],"wp:attachment":[{"href":"http:\/\/www.bonn-kocht.de\/index.php?rest_route=%2Fwp%2Fv2%2Fmedia&parent=1537"}],"wp:term":[{"taxonomy":"category","embeddable":true,"href":"http:\/\/www.bonn-kocht.de\/index.php?rest_route=%2Fwp%2Fv2%2Fcategories&post=1537"},{"taxonomy":"post_tag","embeddable":true,"href":"http:\/\/www.bonn-kocht.de\/index.php?rest_route=%2Fwp%2Fv2%2Ftags&post=1537"}],"curies":[{"name":"wp","href":"https:\/\/api.w.org\/{rel}","templated":true}]}}