{"id":1473,"date":"2014-08-15T09:13:39","date_gmt":"2014-08-15T09:13:39","guid":{"rendered":"http:\/\/www.bonn-kocht.de\/?p=1473"},"modified":"2014-08-15T09:34:21","modified_gmt":"2014-08-15T09:34:21","slug":"weisse-meile-diner-en-blanc","status":"publish","type":"post","link":"http:\/\/www.bonn-kocht.de\/?p=1473","title":{"rendered":"Wei\u00dfe Meile \u2013 Diner en Blanc"},"content":{"rendered":"<div id=\"attachment_1477\" style=\"width: 810px\" class=\"wp-caption aligncenter\"><a href=\"http:\/\/www.bonn-kocht.de\/wp-content\/uploads\/2014\/08\/Diner-en-Blanc-2014-23.jpg\"><img aria-describedby=\"caption-attachment-1477\" decoding=\"async\" loading=\"lazy\" class=\"size-full wp-image-1477\" src=\"http:\/\/www.bonn-kocht.de\/wp-content\/uploads\/2014\/08\/Diner-en-Blanc-2014-23.jpg\" alt=\"Bitte am Rande Platz nehmen.\" width=\"800\" height=\"429\" srcset=\"http:\/\/www.bonn-kocht.de\/wp-content\/uploads\/2014\/08\/Diner-en-Blanc-2014-23.jpg 800w, http:\/\/www.bonn-kocht.de\/wp-content\/uploads\/2014\/08\/Diner-en-Blanc-2014-23-300x160.jpg 300w, http:\/\/www.bonn-kocht.de\/wp-content\/uploads\/2014\/08\/Diner-en-Blanc-2014-23-500x268.jpg 500w\" sizes=\"(max-width: 800px) 100vw, 800px\" \/><\/a><p id=\"caption-attachment-1477\" class=\"wp-caption-text\">Bitte am Rande Platz nehmen.<\/p><\/div>\n<p>Wer dazu geh\u00f6rt, erkennt man schon in der Tiefgarage. Die Leute reisen ganz in Wei\u00df an und packen ihre Siebensachen aus dem Kofferraum: Picknickk\u00f6rbe, Weinkartons und hier und da ein Baguette unter dem Arm. Zeit f\u00fcrs n\u00e4chste Diner en Blanc in der Friedrichstra\u00dfe, dem Flashmob mit Tradition.<!--more--><\/p>\n<div id=\"attachment_1479\" style=\"width: 293px\" class=\"wp-caption alignleft\"><a href=\"http:\/\/www.bonn-kocht.de\/wp-content\/uploads\/2014\/08\/Diner-en-Blanc-2014-27.jpg\"><img aria-describedby=\"caption-attachment-1479\" decoding=\"async\" loading=\"lazy\" class=\"size-medium wp-image-1479\" src=\"http:\/\/www.bonn-kocht.de\/wp-content\/uploads\/2014\/08\/Diner-en-Blanc-2014-27-283x300.jpg\" alt=\"Kr\u00fcmelmonsters Tonne.\" width=\"283\" height=\"300\" srcset=\"http:\/\/www.bonn-kocht.de\/wp-content\/uploads\/2014\/08\/Diner-en-Blanc-2014-27-283x300.jpg 283w, http:\/\/www.bonn-kocht.de\/wp-content\/uploads\/2014\/08\/Diner-en-Blanc-2014-27.jpg 757w\" sizes=\"(max-width: 283px) 100vw, 283px\" \/><\/a><p id=\"caption-attachment-1479\" class=\"wp-caption-text\">Kr\u00fcmelmonsters Tonne.<\/p><\/div>\n<p>Nach Pariser Vorbild genie\u00dfen viele Bonner mit ihren Freunden einen (wenn m\u00f6glich) lauen Sommerabend in der Fu\u00dfg\u00e4ngerzone. Allen Tischen auf ein paar hundert Meter gemeinsam sind die Kerzen und Blumen, Biergarnituren sehen mit den wei\u00dfen Hussen pl\u00f6tzlich edel aus. Was Leckeres zu Kochen und mitzubringen ist weniger ein Problem.<\/p>\n<p>Doch wie kriegt man den Wein oder Schampus kalt? Unser Tisch 13 hat sein System mit der Tonne vom Kr\u00fcmelmonster. Das bleibt allerdings in seiner Sesamstra\u00dfe und macht Eiskl\u00fcmpchen Platz. Da schmeckt der Ros\u00e9 auch noch sp\u00e4t am Abend. Dazu gibt es etwa Oliven, Aufl\u00e4ufe, selbstgebackenes Brot, asiatischen Salat, Dips und Frikadellen. Am Schluss einen wei\u00dfte Himbeercreme.<\/p>\n<div id=\"attachment_1476\" style=\"width: 310px\" class=\"wp-caption alignright\"><a href=\"http:\/\/www.bonn-kocht.de\/wp-content\/uploads\/2014\/08\/Diner-en-Blanc-2014-39.jpg\"><img aria-describedby=\"caption-attachment-1476\" decoding=\"async\" loading=\"lazy\" class=\"size-medium wp-image-1476\" src=\"http:\/\/www.bonn-kocht.de\/wp-content\/uploads\/2014\/08\/Diner-en-Blanc-2014-39-300x282.jpg\" alt=\"Coole Untersetzer.\" width=\"300\" height=\"282\" srcset=\"http:\/\/www.bonn-kocht.de\/wp-content\/uploads\/2014\/08\/Diner-en-Blanc-2014-39-300x282.jpg 300w, http:\/\/www.bonn-kocht.de\/wp-content\/uploads\/2014\/08\/Diner-en-Blanc-2014-39-318x300.jpg 318w, http:\/\/www.bonn-kocht.de\/wp-content\/uploads\/2014\/08\/Diner-en-Blanc-2014-39.jpg 800w\" sizes=\"(max-width: 300px) 100vw, 300px\" \/><\/a><p id=\"caption-attachment-1476\" class=\"wp-caption-text\">Coole Untersetzer.<\/p><\/div>\n<p>An einem Tisch hat sich ein Maulwurf eingeschlichen und setzt mit seiner komplett schwarzen Kleidung einen mutigen Akzent. Dazu passt auch der Dalmatiner mit seinen Punkten. Die Gesellschaften erregen Aufsehen und gefallen sich selbst. Irgendwer bringt schicke Bierdeckel mit \u201eDiner en Blanc\u201c-Schriftzug vorbei \u2013 eine tolle Idee.<\/p>\n<p>Wer satt ist, flaniert ein wenig \u00fcber die wei\u00dfe Meile, die die Gesch\u00e4ftsleute organisiert haben. Wer nicht dazu geh\u00f6rt, will wissen, was das alles zu bedeuten hat und erh\u00e4lt freundlich Auskunft. Das macht die Friedrichstra\u00dfe an einem Abend zur sympathischsten Ecke Bonns.<\/p>\n<p>&nbsp;<\/p>\n\n\t\t<style type=\"text\/css\">\n\t\t\t#gallery-1 {\n\t\t\t\tmargin: auto;\n\t\t\t}\n\t\t\t#gallery-1 .gallery-item {\n\t\t\t\tfloat: left;\n\t\t\t\tmargin-top: 10px;\n\t\t\t\ttext-align: center;\n\t\t\t\twidth: 33%;\n\t\t\t}\n\t\t\t#gallery-1 img {\n\t\t\t\tborder: 2px solid #cfcfcf;\n\t\t\t}\n\t\t\t#gallery-1 .gallery-caption {\n\t\t\t\tmargin-left: 0;\n\t\t\t}\n\t\t\t\/* see gallery_shortcode() in wp-includes\/media.php *\/\n\t\t<\/style>\n\t\t<div id='gallery-1' class='gallery galleryid-1473 gallery-columns-3 gallery-size-thumbnail'><dl class='gallery-item'>\n\t\t\t<dt class='gallery-icon landscape'>\n\t\t\t\t<a href='http:\/\/www.bonn-kocht.de\/?attachment_id=1482'><img width=\"150\" height=\"150\" src=\"http:\/\/www.bonn-kocht.de\/wp-content\/uploads\/2014\/08\/Diner-en-Blanc-2014-10-150x150.jpg\" class=\"attachment-thumbnail size-thumbnail\" alt=\"\" decoding=\"async\" loading=\"lazy\" srcset=\"http:\/\/www.bonn-kocht.de\/wp-content\/uploads\/2014\/08\/Diner-en-Blanc-2014-10-150x150.jpg 150w, http:\/\/www.bonn-kocht.de\/wp-content\/uploads\/2014\/08\/Diner-en-Blanc-2014-10-250x250.jpg 250w, http:\/\/www.bonn-kocht.de\/wp-content\/uploads\/2014\/08\/Diner-en-Blanc-2014-10-50x50.jpg 50w\" sizes=\"(max-width: 150px) 100vw, 150px\" \/><\/a>\n\t\t\t<\/dt><\/dl><dl class='gallery-item'>\n\t\t\t<dt class='gallery-icon landscape'>\n\t\t\t\t<a href='http:\/\/www.bonn-kocht.de\/?attachment_id=1483'><img width=\"150\" height=\"150\" src=\"http:\/\/www.bonn-kocht.de\/wp-content\/uploads\/2014\/08\/Diner-en-Blanc-2014-12-150x150.jpg\" class=\"attachment-thumbnail size-thumbnail\" alt=\"\" decoding=\"async\" loading=\"lazy\" srcset=\"http:\/\/www.bonn-kocht.de\/wp-content\/uploads\/2014\/08\/Diner-en-Blanc-2014-12-150x150.jpg 150w, http:\/\/www.bonn-kocht.de\/wp-content\/uploads\/2014\/08\/Diner-en-Blanc-2014-12-250x250.jpg 250w, http:\/\/www.bonn-kocht.de\/wp-content\/uploads\/2014\/08\/Diner-en-Blanc-2014-12-50x50.jpg 50w\" sizes=\"(max-width: 150px) 100vw, 150px\" \/><\/a>\n\t\t\t<\/dt><\/dl><dl class='gallery-item'>\n\t\t\t<dt class='gallery-icon landscape'>\n\t\t\t\t<a href='http:\/\/www.bonn-kocht.de\/?attachment_id=1484'><img width=\"150\" height=\"150\" src=\"http:\/\/www.bonn-kocht.de\/wp-content\/uploads\/2014\/08\/Diner-en-Blanc-2014-21-150x150.jpg\" class=\"attachment-thumbnail size-thumbnail\" alt=\"\" decoding=\"async\" loading=\"lazy\" srcset=\"http:\/\/www.bonn-kocht.de\/wp-content\/uploads\/2014\/08\/Diner-en-Blanc-2014-21-150x150.jpg 150w, http:\/\/www.bonn-kocht.de\/wp-content\/uploads\/2014\/08\/Diner-en-Blanc-2014-21-250x250.jpg 250w, http:\/\/www.bonn-kocht.de\/wp-content\/uploads\/2014\/08\/Diner-en-Blanc-2014-21-50x50.jpg 50w\" sizes=\"(max-width: 150px) 100vw, 150px\" \/><\/a>\n\t\t\t<\/dt><\/dl><br style=\"clear: both\" \/><dl class='gallery-item'>\n\t\t\t<dt class='gallery-icon landscape'>\n\t\t\t\t<a href='http:\/\/www.bonn-kocht.de\/?attachment_id=1487'><img width=\"150\" height=\"150\" src=\"http:\/\/www.bonn-kocht.de\/wp-content\/uploads\/2014\/08\/Diner-en-Blanc-2014-31-150x150.jpg\" class=\"attachment-thumbnail size-thumbnail\" alt=\"\" decoding=\"async\" loading=\"lazy\" srcset=\"http:\/\/www.bonn-kocht.de\/wp-content\/uploads\/2014\/08\/Diner-en-Blanc-2014-31-150x150.jpg 150w, http:\/\/www.bonn-kocht.de\/wp-content\/uploads\/2014\/08\/Diner-en-Blanc-2014-31-250x250.jpg 250w, http:\/\/www.bonn-kocht.de\/wp-content\/uploads\/2014\/08\/Diner-en-Blanc-2014-31-50x50.jpg 50w\" sizes=\"(max-width: 150px) 100vw, 150px\" \/><\/a>\n\t\t\t<\/dt><\/dl><dl class='gallery-item'>\n\t\t\t<dt class='gallery-icon landscape'>\n\t\t\t\t<a href='http:\/\/www.bonn-kocht.de\/?attachment_id=1485'><img width=\"150\" height=\"150\" src=\"http:\/\/www.bonn-kocht.de\/wp-content\/uploads\/2014\/08\/Diner-en-Blanc-2014-22-150x150.jpg\" class=\"attachment-thumbnail size-thumbnail\" alt=\"\" decoding=\"async\" loading=\"lazy\" srcset=\"http:\/\/www.bonn-kocht.de\/wp-content\/uploads\/2014\/08\/Diner-en-Blanc-2014-22-150x150.jpg 150w, http:\/\/www.bonn-kocht.de\/wp-content\/uploads\/2014\/08\/Diner-en-Blanc-2014-22-250x250.jpg 250w, http:\/\/www.bonn-kocht.de\/wp-content\/uploads\/2014\/08\/Diner-en-Blanc-2014-22-50x50.jpg 50w\" sizes=\"(max-width: 150px) 100vw, 150px\" \/><\/a>\n\t\t\t<\/dt><\/dl><dl class='gallery-item'>\n\t\t\t<dt class='gallery-icon landscape'>\n\t\t\t\t<a href='http:\/\/www.bonn-kocht.de\/?attachment_id=1486'><img width=\"150\" height=\"150\" src=\"http:\/\/www.bonn-kocht.de\/wp-content\/uploads\/2014\/08\/Diner-en-Blanc-2014-25-150x150.jpg\" class=\"attachment-thumbnail size-thumbnail\" alt=\"\" decoding=\"async\" loading=\"lazy\" srcset=\"http:\/\/www.bonn-kocht.de\/wp-content\/uploads\/2014\/08\/Diner-en-Blanc-2014-25-150x150.jpg 150w, http:\/\/www.bonn-kocht.de\/wp-content\/uploads\/2014\/08\/Diner-en-Blanc-2014-25-250x250.jpg 250w, http:\/\/www.bonn-kocht.de\/wp-content\/uploads\/2014\/08\/Diner-en-Blanc-2014-25-50x50.jpg 50w\" sizes=\"(max-width: 150px) 100vw, 150px\" \/><\/a>\n\t\t\t<\/dt><\/dl><br style=\"clear: both\" \/><dl class='gallery-item'>\n\t\t\t<dt class='gallery-icon landscape'>\n\t\t\t\t<a href='http:\/\/www.bonn-kocht.de\/?attachment_id=1489'><img width=\"150\" height=\"150\" src=\"http:\/\/www.bonn-kocht.de\/wp-content\/uploads\/2014\/08\/Diner-en-Blanc-2014-43-150x150.jpg\" class=\"attachment-thumbnail size-thumbnail\" alt=\"\" decoding=\"async\" loading=\"lazy\" srcset=\"http:\/\/www.bonn-kocht.de\/wp-content\/uploads\/2014\/08\/Diner-en-Blanc-2014-43-150x150.jpg 150w, http:\/\/www.bonn-kocht.de\/wp-content\/uploads\/2014\/08\/Diner-en-Blanc-2014-43-250x250.jpg 250w, http:\/\/www.bonn-kocht.de\/wp-content\/uploads\/2014\/08\/Diner-en-Blanc-2014-43-50x50.jpg 50w\" sizes=\"(max-width: 150px) 100vw, 150px\" \/><\/a>\n\t\t\t<\/dt><\/dl><dl class='gallery-item'>\n\t\t\t<dt class='gallery-icon landscape'>\n\t\t\t\t<a href='http:\/\/www.bonn-kocht.de\/?attachment_id=1490'><img width=\"150\" height=\"150\" src=\"http:\/\/www.bonn-kocht.de\/wp-content\/uploads\/2014\/08\/Diner-en-Blanc-2014-44-150x150.jpg\" class=\"attachment-thumbnail size-thumbnail\" alt=\"\" decoding=\"async\" loading=\"lazy\" srcset=\"http:\/\/www.bonn-kocht.de\/wp-content\/uploads\/2014\/08\/Diner-en-Blanc-2014-44-150x150.jpg 150w, http:\/\/www.bonn-kocht.de\/wp-content\/uploads\/2014\/08\/Diner-en-Blanc-2014-44-250x250.jpg 250w, http:\/\/www.bonn-kocht.de\/wp-content\/uploads\/2014\/08\/Diner-en-Blanc-2014-44-50x50.jpg 50w\" sizes=\"(max-width: 150px) 100vw, 150px\" \/><\/a>\n\t\t\t<\/dt><\/dl><dl class='gallery-item'>\n\t\t\t<dt class='gallery-icon landscape'>\n\t\t\t\t<a href='http:\/\/www.bonn-kocht.de\/?attachment_id=1488'><img width=\"150\" height=\"150\" src=\"http:\/\/www.bonn-kocht.de\/wp-content\/uploads\/2014\/08\/Diner-en-Blanc-2014-41-150x150.jpg\" class=\"attachment-thumbnail size-thumbnail\" alt=\"\" decoding=\"async\" loading=\"lazy\" srcset=\"http:\/\/www.bonn-kocht.de\/wp-content\/uploads\/2014\/08\/Diner-en-Blanc-2014-41-150x150.jpg 150w, http:\/\/www.bonn-kocht.de\/wp-content\/uploads\/2014\/08\/Diner-en-Blanc-2014-41-250x250.jpg 250w, http:\/\/www.bonn-kocht.de\/wp-content\/uploads\/2014\/08\/Diner-en-Blanc-2014-41-50x50.jpg 50w\" sizes=\"(max-width: 150px) 100vw, 150px\" \/><\/a>\n\t\t\t<\/dt><\/dl><br style=\"clear: both\" \/>\n\t\t<\/div>\n\n","protected":false},"excerpt":{"rendered":"<p>Wer dazu geh\u00f6rt, erkennt man schon in der Tiefgarage. Die Leute reisen ganz in Wei\u00df an und packen ihre Siebensachen aus dem Kofferraum: Picknickk\u00f6rbe, Weinkartons und hier und da ein Baguette unter dem Arm. Zeit f\u00fcrs n\u00e4chste Diner en Blanc &hellip; <a href=\"http:\/\/www.bonn-kocht.de\/?p=1473\">Weiterlesen <span class=\"meta-nav\">&rarr;<\/span><\/a><\/p>\n","protected":false},"author":2,"featured_media":0,"comment_status":"open","ping_status":"open","sticky":false,"template":"","format":"standard","meta":{"_coblocks_attr":"","_coblocks_dimensions":"","_coblocks_responsive_height":"","_coblocks_accordion_ie_support":"","om_disable_all_campaigns":false,"_monsterinsights_skip_tracking":false,"_monsterinsights_sitenote_active":false,"_monsterinsights_sitenote_note":"","_monsterinsights_sitenote_category":0,"_s2mail":"yes"},"categories":[1,10,8,9],"tags":[13,136,15,16],"aioseo_notices":[],"_links":{"self":[{"href":"http:\/\/www.bonn-kocht.de\/index.php?rest_route=\/wp\/v2\/posts\/1473"}],"collection":[{"href":"http:\/\/www.bonn-kocht.de\/index.php?rest_route=\/wp\/v2\/posts"}],"about":[{"href":"http:\/\/www.bonn-kocht.de\/index.php?rest_route=\/wp\/v2\/types\/post"}],"author":[{"embeddable":true,"href":"http:\/\/www.bonn-kocht.de\/index.php?rest_route=\/wp\/v2\/users\/2"}],"replies":[{"embeddable":true,"href":"http:\/\/www.bonn-kocht.de\/index.php?rest_route=%2Fwp%2Fv2%2Fcomments&post=1473"}],"version-history":[{"count":6,"href":"http:\/\/www.bonn-kocht.de\/index.php?rest_route=\/wp\/v2\/posts\/1473\/revisions"}],"predecessor-version":[{"id":1480,"href":"http:\/\/www.bonn-kocht.de\/index.php?rest_route=\/wp\/v2\/posts\/1473\/revisions\/1480"}],"wp:attachment":[{"href":"http:\/\/www.bonn-kocht.de\/index.php?rest_route=%2Fwp%2Fv2%2Fmedia&parent=1473"}],"wp:term":[{"taxonomy":"category","embeddable":true,"href":"http:\/\/www.bonn-kocht.de\/index.php?rest_route=%2Fwp%2Fv2%2Fcategories&post=1473"},{"taxonomy":"post_tag","embeddable":true,"href":"http:\/\/www.bonn-kocht.de\/index.php?rest_route=%2Fwp%2Fv2%2Ftags&post=1473"}],"curies":[{"name":"wp","href":"https:\/\/api.w.org\/{rel}","templated":true}]}}