{"id":1462,"date":"2014-08-04T08:12:02","date_gmt":"2014-08-04T08:12:02","guid":{"rendered":"http:\/\/www.bonn-kocht.de\/?p=1462"},"modified":"2014-08-05T07:00:26","modified_gmt":"2014-08-05T07:00:26","slug":"logenplatz-am-rhein","status":"publish","type":"post","link":"http:\/\/www.bonn-kocht.de\/?p=1462","title":{"rendered":"Logenplatz am Rhein"},"content":{"rendered":"<div id=\"attachment_1459\" style=\"width: 810px\" class=\"wp-caption aligncenter\"><a href=\"http:\/\/www.bonn-kocht.de\/wp-content\/uploads\/2014\/08\/Iberica-2.jpg\"><img aria-describedby=\"caption-attachment-1459\" decoding=\"async\" loading=\"lazy\" class=\"size-full wp-image-1459\" src=\"http:\/\/www.bonn-kocht.de\/wp-content\/uploads\/2014\/08\/Iberica-2.jpg\" alt=\"H\u00e4hnchenfl\u00fcgel mit Oregano und Honig.\" width=\"800\" height=\"533\" srcset=\"http:\/\/www.bonn-kocht.de\/wp-content\/uploads\/2014\/08\/Iberica-2.jpg 800w, http:\/\/www.bonn-kocht.de\/wp-content\/uploads\/2014\/08\/Iberica-2-300x199.jpg 300w, http:\/\/www.bonn-kocht.de\/wp-content\/uploads\/2014\/08\/Iberica-2-450x300.jpg 450w\" sizes=\"(max-width: 800px) 100vw, 800px\" \/><\/a><p id=\"caption-attachment-1459\" class=\"wp-caption-text\">H\u00e4hnchenfl\u00fcgel mit Oregano und Honig.<\/p><\/div>\n<p>Warum ist es am Rhein so sch\u00f6n? Wer sich bei Sonnenschein in Graurheindorf auf die Terrasse des Wassersportvereins Blau-Wei\u00df Bonn setzt, kann die Frage leicht beantworten. Der Fluss liegt einem f\u00f6rmlich zu F\u00fc\u00dfen und bringt selbst bei schw\u00fcler Hitze ein wenig K\u00fchle, w\u00e4hrend M\u00f6wen und K\u00e4hne an einem vorbeiziehen. Gut, wenn es dabei noch schmeckt. Die Kaj\u00fcte Ib\u00e9rica hilft einem dabei &#8211; und hat auch was gegen den Durst.<!--more--><\/p>\n<div id=\"attachment_1461\" style=\"width: 292px\" class=\"wp-caption alignleft\"><a href=\"http:\/\/www.bonn-kocht.de\/wp-content\/uploads\/2014\/08\/Iberica-9.jpg\"><img aria-describedby=\"caption-attachment-1461\" decoding=\"async\" loading=\"lazy\" class=\"size-medium wp-image-1461\" src=\"http:\/\/www.bonn-kocht.de\/wp-content\/uploads\/2014\/08\/Iberica-9-282x300.jpg\" alt=\"Leckeres Bier aus Spanien.\" width=\"282\" height=\"300\" srcset=\"http:\/\/www.bonn-kocht.de\/wp-content\/uploads\/2014\/08\/Iberica-9-282x300.jpg 282w, http:\/\/www.bonn-kocht.de\/wp-content\/uploads\/2014\/08\/Iberica-9.jpg 752w\" sizes=\"(max-width: 282px) 100vw, 282px\" \/><\/a><p id=\"caption-attachment-1461\" class=\"wp-caption-text\">Leckeres Bier aus Spanien.<\/p><\/div>\n<p>Die neuen P\u00e4chter bieten ihren G\u00e4sten eine Karte mit typisch spanischen, aber auch portugiesischen Gerichten. Dazu Weine, eine w\u00fcrzige Sangria (schmeckt ein bisschen nelkig nach Weihnachten) oder spanisches Bier. Zu empfehlen ist das kr\u00e4ftige Estrella Galicia (5,5 % Vol.) mit seiner goldenen Farbe.<\/p>\n<p>Bei sch\u00f6nem Wetter macht es Sinn zu reservieren, denn die Logenpl\u00e4tze am Wasser sind begrenzt und beliebt. Dazu noch freundliche und aufmerksame Bedienung \u2013 das passt.<\/p>\n<p>Sehr lecker sind die H\u00e4hnchenfl\u00fcgel mit Oregano und Honig (Alitas al oregano con miel), die kleinen Tintenfische und Garnelen in allen m\u00f6glichen Variationen. Dass gerne an vielen Stellen Knoblauch verwendet wird, er\u00fcbrigt sich eigentlich der Erw\u00e4hnung.<\/p>\n<div id=\"attachment_1458\" style=\"width: 810px\" class=\"wp-caption aligncenter\"><a href=\"http:\/\/www.bonn-kocht.de\/wp-content\/uploads\/2014\/08\/Iberica-15.jpg\"><img aria-describedby=\"caption-attachment-1458\" decoding=\"async\" loading=\"lazy\" class=\"size-full wp-image-1458\" src=\"http:\/\/www.bonn-kocht.de\/wp-content\/uploads\/2014\/08\/Iberica-15.jpg\" alt=\"Die Terrasse am Abend - direkt am Rhein.\" width=\"800\" height=\"521\" srcset=\"http:\/\/www.bonn-kocht.de\/wp-content\/uploads\/2014\/08\/Iberica-15.jpg 800w, http:\/\/www.bonn-kocht.de\/wp-content\/uploads\/2014\/08\/Iberica-15-300x195.jpg 300w, http:\/\/www.bonn-kocht.de\/wp-content\/uploads\/2014\/08\/Iberica-15-460x300.jpg 460w\" sizes=\"(max-width: 800px) 100vw, 800px\" \/><\/a><p id=\"caption-attachment-1458\" class=\"wp-caption-text\">Die Terrasse am Abend &#8211; direkt am Rhein.<\/p><\/div>\n<p>Wer gerne S\u00fc\u00dfes mag, sollte mal Leche frita probieren, also ausgebackene Milch mit Zimt und Zucker au\u00dfenherum. Mal wirklich was anderes.<\/p>\n<p><a title=\"Kaj\u00fcte Iberica\" href=\"http:\/\/www.kajuete-iberica.de\" target=\"_blank\">Kaj\u00fcte Ib\u00e9rica<\/a><br \/>\nEstermannufer 1<br \/>\nTel 0228-9678071<br \/>\n<a title=\"E-Mail\" href=\"mailto:info@kajuete-iberica.de%20\" target=\"_blank\">info@kajuete-iberica.de<\/a><\/p>\n<div id=\"attachment_1460\" style=\"width: 810px\" class=\"wp-caption aligncenter\"><a href=\"http:\/\/www.bonn-kocht.de\/wp-content\/uploads\/2014\/08\/Iberica-4.jpg\"><img aria-describedby=\"caption-attachment-1460\" decoding=\"async\" loading=\"lazy\" class=\"size-full wp-image-1460\" src=\"http:\/\/www.bonn-kocht.de\/wp-content\/uploads\/2014\/08\/Iberica-4.jpg\" alt=\"Garnelen mit Knoblauch und \u00d6l.\" width=\"800\" height=\"461\" srcset=\"http:\/\/www.bonn-kocht.de\/wp-content\/uploads\/2014\/08\/Iberica-4.jpg 800w, http:\/\/www.bonn-kocht.de\/wp-content\/uploads\/2014\/08\/Iberica-4-300x172.jpg 300w, http:\/\/www.bonn-kocht.de\/wp-content\/uploads\/2014\/08\/Iberica-4-500x288.jpg 500w\" sizes=\"(max-width: 800px) 100vw, 800px\" \/><\/a><p id=\"caption-attachment-1460\" class=\"wp-caption-text\">Garnelen mit Knoblauch und \u00d6l.<\/p><\/div>\n","protected":false},"excerpt":{"rendered":"<p>Warum ist es am Rhein so sch\u00f6n? Wer sich bei Sonnenschein in Graurheindorf auf die Terrasse des Wassersportvereins Blau-Wei\u00df Bonn setzt, kann die Frage leicht beantworten. Der Fluss liegt einem f\u00f6rmlich zu F\u00fc\u00dfen und bringt selbst bei schw\u00fcler Hitze ein &hellip; <a href=\"http:\/\/www.bonn-kocht.de\/?p=1462\">Weiterlesen <span class=\"meta-nav\">&rarr;<\/span><\/a><\/p>\n","protected":false},"author":2,"featured_media":0,"comment_status":"open","ping_status":"open","sticky":false,"template":"","format":"standard","meta":{"_coblocks_attr":"","_coblocks_dimensions":"","_coblocks_responsive_height":"","_coblocks_accordion_ie_support":"","om_disable_all_campaigns":false,"_monsterinsights_skip_tracking":false,"_monsterinsights_sitenote_active":false,"_monsterinsights_sitenote_note":"","_monsterinsights_sitenote_category":0,"_s2mail":"yes"},"categories":[1,10,8],"tags":[135,13,15,130,134,16],"aioseo_notices":[],"_links":{"self":[{"href":"http:\/\/www.bonn-kocht.de\/index.php?rest_route=\/wp\/v2\/posts\/1462"}],"collection":[{"href":"http:\/\/www.bonn-kocht.de\/index.php?rest_route=\/wp\/v2\/posts"}],"about":[{"href":"http:\/\/www.bonn-kocht.de\/index.php?rest_route=\/wp\/v2\/types\/post"}],"author":[{"embeddable":true,"href":"http:\/\/www.bonn-kocht.de\/index.php?rest_route=\/wp\/v2\/users\/2"}],"replies":[{"embeddable":true,"href":"http:\/\/www.bonn-kocht.de\/index.php?rest_route=%2Fwp%2Fv2%2Fcomments&post=1462"}],"version-history":[{"count":6,"href":"http:\/\/www.bonn-kocht.de\/index.php?rest_route=\/wp\/v2\/posts\/1462\/revisions"}],"predecessor-version":[{"id":1465,"href":"http:\/\/www.bonn-kocht.de\/index.php?rest_route=\/wp\/v2\/posts\/1462\/revisions\/1465"}],"wp:attachment":[{"href":"http:\/\/www.bonn-kocht.de\/index.php?rest_route=%2Fwp%2Fv2%2Fmedia&parent=1462"}],"wp:term":[{"taxonomy":"category","embeddable":true,"href":"http:\/\/www.bonn-kocht.de\/index.php?rest_route=%2Fwp%2Fv2%2Fcategories&post=1462"},{"taxonomy":"post_tag","embeddable":true,"href":"http:\/\/www.bonn-kocht.de\/index.php?rest_route=%2Fwp%2Fv2%2Ftags&post=1462"}],"curies":[{"name":"wp","href":"https:\/\/api.w.org\/{rel}","templated":true}]}}