{"id":1436,"date":"2014-07-28T13:41:35","date_gmt":"2014-07-28T13:41:35","guid":{"rendered":"http:\/\/www.bonn-kocht.de\/?p=1436"},"modified":"2014-07-29T10:34:34","modified_gmt":"2014-07-29T10:34:34","slug":"seekarten-und-bistro-schick-the-goldman-im-frankfurter-ostend","status":"publish","type":"post","link":"http:\/\/www.bonn-kocht.de\/?p=1436","title":{"rendered":"Seekarten und Bistro-Schick: The Goldman im Frankfurter Ostend"},"content":{"rendered":"<div id=\"attachment_1441\" style=\"width: 810px\" class=\"wp-caption aligncenter\"><a href=\"http:\/\/www.bonn-kocht.de\/wp-content\/uploads\/2014\/07\/Goldman-1.jpg\"><img aria-describedby=\"caption-attachment-1441\" decoding=\"async\" loading=\"lazy\" class=\"size-full wp-image-1441\" src=\"http:\/\/www.bonn-kocht.de\/wp-content\/uploads\/2014\/07\/Goldman-1.jpg\" alt=\"Wildgarnele und Jakobsmuscheln mit Papaya, Joghurt mit Purplecurry, Dattel-CousCous und Rucola.\" width=\"800\" height=\"600\" srcset=\"http:\/\/www.bonn-kocht.de\/wp-content\/uploads\/2014\/07\/Goldman-1.jpg 800w, http:\/\/www.bonn-kocht.de\/wp-content\/uploads\/2014\/07\/Goldman-1-300x225.jpg 300w, http:\/\/www.bonn-kocht.de\/wp-content\/uploads\/2014\/07\/Goldman-1-400x300.jpg 400w\" sizes=\"(max-width: 800px) 100vw, 800px\" \/><\/a><p id=\"caption-attachment-1441\" class=\"wp-caption-text\">Wildgarnele und Jakobsmuscheln mit Papaya, Joghurt mit Purplecurry, Dattel-CousCous und Rucola.<\/p><\/div>\n<p>Seekarten und andere Details verstr\u00f6men ein bisschen Hafenflair\u00a0im Restaurant unweit des Osthafens, auf der Terrasse herrscht franz\u00f6sischer Bistro-Schick und auf der Herrentoilette h\u00e4ngen knallrote ge\u00f6ffnete Lippen als Urinale an der Wand und erinnern an die Rolling Stones: Im Frankfurter <a title=\"The Goldman\" href=\"http:\/\/www.goldman-restaurant.com\/neptun\/neptun.php\/goldmanadmin\/frontend\/\" target=\"_blank\">The Goldman<\/a> wird schon optisch einiges geboten. Aber noch viel spannender ist das, was unweit des imposanten neuen Glaspalates der Europ\u00e4ischen Zentralbank (EZB) auf den\u00a0Teller kommt.<!--more-->Vor allem, wenn es sich um fischige Vorspeisen handelt. Wir konnten uns jedenfalls kaum entscheiden, was nun besser war:\u00a0Wildgarnele und Jakobsmuscheln mit Papaya, Joghurt mit Purplecurry, Dattel-CousCous und Rucola f\u00fcr 18,50 Euro oder doch der\u00a0 Thunfischtatar\u00a0mit Avocado, Radieschen, Rettich und Pfeffercrisp f\u00fcr 17,50 Euro. Der Couscous war jedenfalls ein gutes Argument, es damit auch mal zu Hause zu versuchen. K\u00f6stlich, gerade auch in der Kombination mit Datteln und dem wundersch\u00f6nen lilafarbenen Joghurt. Und das Papaya-Chutney war auch eine echte Wucht.<\/p>\n<div id=\"attachment_1442\" style=\"width: 810px\" class=\"wp-caption aligncenter\"><a href=\"http:\/\/www.bonn-kocht.de\/wp-content\/uploads\/2014\/07\/Goldman-2.jpg\"><img aria-describedby=\"caption-attachment-1442\" decoding=\"async\" loading=\"lazy\" class=\"size-full wp-image-1442\" src=\"http:\/\/www.bonn-kocht.de\/wp-content\/uploads\/2014\/07\/Goldman-2.jpg\" alt=\"Thunfischtatar in Rieslinggel\u00e9e mit Avocado, Radieschen, Rettich und Pfeffercrisp.\" width=\"800\" height=\"600\" srcset=\"http:\/\/www.bonn-kocht.de\/wp-content\/uploads\/2014\/07\/Goldman-2.jpg 800w, http:\/\/www.bonn-kocht.de\/wp-content\/uploads\/2014\/07\/Goldman-2-300x225.jpg 300w, http:\/\/www.bonn-kocht.de\/wp-content\/uploads\/2014\/07\/Goldman-2-400x300.jpg 400w\" sizes=\"(max-width: 800px) 100vw, 800px\" \/><\/a><p id=\"caption-attachment-1442\" class=\"wp-caption-text\">Thunfischtatar in Rieslinggel\u00e9e mit Avocado, Radieschen, Rettich und Pfeffercrisp.<\/p><\/div>\n<p>Die nette Servicefrau Diana Bohne zuckt nicht mal mit der Augenbraue, weil wir uns danach eine kleine Portion der selbstgemachten Tagliatelle mit Pfifferlingen und Parmesanschaum auch noch teilen wollen. Mmmmhhhhh, auch das Zwischengericht schmeckt prima, auch wenn es an die Fischvorspeisen nicht heranreicht, was die Raffinesse angeht. Aber ab und zu muss es eben auch mal Soulfood sein. Und genau das scheint\u00a0 das argentinische Entrecote f\u00fcr zwei Personen, das auf einem Holzkohlengrill an den Tisch gebracht\u00a0wird, wohl f\u00fcr die Banker zu sein, die im Resto des 25 Hours Ablegers gerne einkehrt. Halt schieres Fleisch, ein nettes Detail dazu:\u00a0Kr\u00e4uterbrutter inspiriert von der typischen Frankfurter Gr\u00fcnen So\u00dfe. Beilagen fabrizieren K\u00fcchenchef Thomas Haus und seine \u00e4u\u00dferst entspannte Crew in der offenen K\u00fcchen ansonsten nach Wahl dazu. Aber beim n\u00e4chsten Mal w\u00fcrde ich eher eines der raffinierten Hauptgerichte von der Karte w\u00e4hlen.<\/p>\n<div id=\"attachment_1443\" style=\"width: 810px\" class=\"wp-caption aligncenter\"><a href=\"http:\/\/www.bonn-kocht.de\/wp-content\/uploads\/2014\/07\/Goldman-3.jpg\"><img aria-describedby=\"caption-attachment-1443\" decoding=\"async\" loading=\"lazy\" class=\"size-full wp-image-1443\" src=\"http:\/\/www.bonn-kocht.de\/wp-content\/uploads\/2014\/07\/Goldman-3.jpg\" alt=\"Entrecote f\u00fcr zwei Personen kommt im The Goldman auf einem Holzkohlengrill auf den Tisch.\" width=\"800\" height=\"600\" srcset=\"http:\/\/www.bonn-kocht.de\/wp-content\/uploads\/2014\/07\/Goldman-3.jpg 800w, http:\/\/www.bonn-kocht.de\/wp-content\/uploads\/2014\/07\/Goldman-3-300x225.jpg 300w, http:\/\/www.bonn-kocht.de\/wp-content\/uploads\/2014\/07\/Goldman-3-400x300.jpg 400w\" sizes=\"(max-width: 800px) 100vw, 800px\" \/><\/a><p id=\"caption-attachment-1443\" class=\"wp-caption-text\">Entrecote f\u00fcr zwei Personen kommt im The Goldman auf einem Holzkohlengrill auf den Tisch.<\/p><\/div>\n<p>Was den Wein angeht, passte ein steirischer Sauvignon blanc gut zum Fisch und eine vom Service empfohlene s\u00fcdfranz\u00f6sische Cuv\u00e9e hatte genug Wumm f\u00fcr das Steak und seine R\u00f6staromen. Beim Nachtisch mussten wir passen.\u00a0Nur ein Espresso und ein Schn\u00e4pschen fanden noch Platz. Letzterer war allerdings eine Wucht: Traubenkirsche von Wurm &amp; Wurm. Nicht zu unrecht ein Geheimtipp der Goldm\u00e4nner und -frauen. Vorausgesetzt, man steht wie ich auf den\u00a0s\u00fc\u00df-herben Geschmack von Bittermandeln.<\/p>\n<p>Alles in allem ein\u00a0sch\u00f6ner\u00a0Abend in einem der\u00a0Restaurant der neueren Generation, in denen klasse Essen, guter Wein und lockere Atmosph\u00e4re kein Widerspruch sind.<\/p>\n<p><a title=\"The Goldman\" href=\"http:\/\/www.goldman-restaurant.com\/neptun\/neptun.php\/goldmanadmin\/frontend\/\" target=\"_blank\">The Goldman<\/a> im Hotel 25 Hours The Goldman<br \/>\nHanauer Landstra\u00dfe 127<br \/>\n60314 Frankfurt<br \/>\nE-Mail: <a href=\"mailto:dining@goldman-restaurant.com\"><span style=\"text-decoration: underline;\"><span style=\"color: #000080;\">dining@goldman-restaurant.com<\/span><\/span><\/a><\/p>\n<p>Telefon: (0) 69<\/p>\n\n\t\t<style type=\"text\/css\">\n\t\t\t#gallery-1 {\n\t\t\t\tmargin: auto;\n\t\t\t}\n\t\t\t#gallery-1 .gallery-item {\n\t\t\t\tfloat: left;\n\t\t\t\tmargin-top: 10px;\n\t\t\t\ttext-align: center;\n\t\t\t\twidth: 33%;\n\t\t\t}\n\t\t\t#gallery-1 img {\n\t\t\t\tborder: 2px solid #cfcfcf;\n\t\t\t}\n\t\t\t#gallery-1 .gallery-caption {\n\t\t\t\tmargin-left: 0;\n\t\t\t}\n\t\t\t\/* see gallery_shortcode() in wp-includes\/media.php *\/\n\t\t<\/style>\n\t\t<div id='gallery-1' class='gallery galleryid-1436 gallery-columns-3 gallery-size-thumbnail'><dl class='gallery-item'>\n\t\t\t<dt class='gallery-icon landscape'>\n\t\t\t\t<a href='http:\/\/www.bonn-kocht.de\/?attachment_id=1452'><img width=\"150\" height=\"150\" src=\"http:\/\/www.bonn-kocht.de\/wp-content\/uploads\/2014\/07\/Foto-1-150x150.jpg\" class=\"attachment-thumbnail size-thumbnail\" alt=\"\" decoding=\"async\" loading=\"lazy\" aria-describedby=\"gallery-1-1452\" srcset=\"http:\/\/www.bonn-kocht.de\/wp-content\/uploads\/2014\/07\/Foto-1-150x150.jpg 150w, http:\/\/www.bonn-kocht.de\/wp-content\/uploads\/2014\/07\/Foto-1-250x250.jpg 250w, http:\/\/www.bonn-kocht.de\/wp-content\/uploads\/2014\/07\/Foto-1-50x50.jpg 50w\" sizes=\"(max-width: 150px) 100vw, 150px\" \/><\/a>\n\t\t\t<\/dt>\n\t\t\t\t<dd class='wp-caption-text gallery-caption' id='gallery-1-1452'>\n\t\t\t\tMaritime Ankl\u00e4nge: Im Restaurant hinter dem Osthafen leuchten Positionslichter und zieren Seekartenm die Wand.\n\t\t\t\t<\/dd><\/dl><dl class='gallery-item'>\n\t\t\t<dt class='gallery-icon landscape'>\n\t\t\t\t<a href='http:\/\/www.bonn-kocht.de\/?attachment_id=1453'><img width=\"150\" height=\"150\" src=\"http:\/\/www.bonn-kocht.de\/wp-content\/uploads\/2014\/07\/Foto-2-150x150.jpg\" class=\"attachment-thumbnail size-thumbnail\" alt=\"\" decoding=\"async\" loading=\"lazy\" aria-describedby=\"gallery-1-1453\" srcset=\"http:\/\/www.bonn-kocht.de\/wp-content\/uploads\/2014\/07\/Foto-2-150x150.jpg 150w, http:\/\/www.bonn-kocht.de\/wp-content\/uploads\/2014\/07\/Foto-2-250x250.jpg 250w, http:\/\/www.bonn-kocht.de\/wp-content\/uploads\/2014\/07\/Foto-2-50x50.jpg 50w\" sizes=\"(max-width: 150px) 100vw, 150px\" \/><\/a>\n\t\t\t<\/dt>\n\t\t\t\t<dd class='wp-caption-text gallery-caption' id='gallery-1-1453'>\n\t\t\t\tBlickfang und Ideenschmiede: die offene K\u00fcche.\n\t\t\t\t<\/dd><\/dl><dl class='gallery-item'>\n\t\t\t<dt class='gallery-icon landscape'>\n\t\t\t\t<a href='http:\/\/www.bonn-kocht.de\/?attachment_id=1454'><img width=\"150\" height=\"150\" src=\"http:\/\/www.bonn-kocht.de\/wp-content\/uploads\/2014\/07\/Foto-3-150x150.jpg\" class=\"attachment-thumbnail size-thumbnail\" alt=\"\" decoding=\"async\" loading=\"lazy\" aria-describedby=\"gallery-1-1454\" srcset=\"http:\/\/www.bonn-kocht.de\/wp-content\/uploads\/2014\/07\/Foto-3-150x150.jpg 150w, http:\/\/www.bonn-kocht.de\/wp-content\/uploads\/2014\/07\/Foto-3-250x250.jpg 250w, http:\/\/www.bonn-kocht.de\/wp-content\/uploads\/2014\/07\/Foto-3-50x50.jpg 50w\" sizes=\"(max-width: 150px) 100vw, 150px\" \/><\/a>\n\t\t\t<\/dt>\n\t\t\t\t<dd class='wp-caption-text gallery-caption' id='gallery-1-1454'>\n\t\t\t\tLockende Lippen: Urinale auf der Herrentoilette.\n\t\t\t\t<\/dd><\/dl><br style=\"clear: both\" \/><dl class='gallery-item'>\n\t\t\t<dt class='gallery-icon landscape'>\n\t\t\t\t<a href='http:\/\/www.bonn-kocht.de\/?attachment_id=1455'><img width=\"150\" height=\"150\" src=\"http:\/\/www.bonn-kocht.de\/wp-content\/uploads\/2014\/07\/Foto-4-150x150.jpg\" class=\"attachment-thumbnail size-thumbnail\" alt=\"\" decoding=\"async\" loading=\"lazy\" aria-describedby=\"gallery-1-1455\" srcset=\"http:\/\/www.bonn-kocht.de\/wp-content\/uploads\/2014\/07\/Foto-4-150x150.jpg 150w, http:\/\/www.bonn-kocht.de\/wp-content\/uploads\/2014\/07\/Foto-4-250x250.jpg 250w, http:\/\/www.bonn-kocht.de\/wp-content\/uploads\/2014\/07\/Foto-4-50x50.jpg 50w\" sizes=\"(max-width: 150px) 100vw, 150px\" \/><\/a>\n\t\t\t<\/dt>\n\t\t\t\t<dd class='wp-caption-text gallery-caption' id='gallery-1-1455'>\n\t\t\t\tLampenhimmel und Goldbrokat an den W\u00e4nden. \n\t\t\t\t<\/dd><\/dl>\n\t\t\t<br style='clear: both' \/>\n\t\t<\/div>\n\n<p>&#8211; 405 86 89 806<\/p>\n","protected":false},"excerpt":{"rendered":"<p>Seekarten und andere Details verstr\u00f6men ein bisschen Hafenflair\u00a0im Restaurant unweit des Osthafens, auf der Terrasse herrscht franz\u00f6sischer Bistro-Schick und auf der Herrentoilette h\u00e4ngen knallrote ge\u00f6ffnete Lippen als Urinale an der Wand und erinnern an die Rolling Stones: Im Frankfurter The &hellip; <a href=\"http:\/\/www.bonn-kocht.de\/?p=1436\">Weiterlesen <span class=\"meta-nav\">&rarr;<\/span><\/a><\/p>\n","protected":false},"author":4,"featured_media":0,"comment_status":"open","ping_status":"open","sticky":false,"template":"","format":"standard","meta":{"_coblocks_attr":"","_coblocks_dimensions":"","_coblocks_responsive_height":"","_coblocks_accordion_ie_support":"","om_disable_all_campaigns":false,"_monsterinsights_skip_tracking":false,"_monsterinsights_sitenote_active":false,"_monsterinsights_sitenote_note":"","_monsterinsights_sitenote_category":0,"_s2mail":"yes"},"categories":[1,10,11],"tags":[],"aioseo_notices":[],"_links":{"self":[{"href":"http:\/\/www.bonn-kocht.de\/index.php?rest_route=\/wp\/v2\/posts\/1436"}],"collection":[{"href":"http:\/\/www.bonn-kocht.de\/index.php?rest_route=\/wp\/v2\/posts"}],"about":[{"href":"http:\/\/www.bonn-kocht.de\/index.php?rest_route=\/wp\/v2\/types\/post"}],"author":[{"embeddable":true,"href":"http:\/\/www.bonn-kocht.de\/index.php?rest_route=\/wp\/v2\/users\/4"}],"replies":[{"embeddable":true,"href":"http:\/\/www.bonn-kocht.de\/index.php?rest_route=%2Fwp%2Fv2%2Fcomments&post=1436"}],"version-history":[{"count":9,"href":"http:\/\/www.bonn-kocht.de\/index.php?rest_route=\/wp\/v2\/posts\/1436\/revisions"}],"predecessor-version":[{"id":1457,"href":"http:\/\/www.bonn-kocht.de\/index.php?rest_route=\/wp\/v2\/posts\/1436\/revisions\/1457"}],"wp:attachment":[{"href":"http:\/\/www.bonn-kocht.de\/index.php?rest_route=%2Fwp%2Fv2%2Fmedia&parent=1436"}],"wp:term":[{"taxonomy":"category","embeddable":true,"href":"http:\/\/www.bonn-kocht.de\/index.php?rest_route=%2Fwp%2Fv2%2Fcategories&post=1436"},{"taxonomy":"post_tag","embeddable":true,"href":"http:\/\/www.bonn-kocht.de\/index.php?rest_route=%2Fwp%2Fv2%2Ftags&post=1436"}],"curies":[{"name":"wp","href":"https:\/\/api.w.org\/{rel}","templated":true}]}}