{"id":1388,"date":"2014-05-23T12:12:47","date_gmt":"2014-05-23T12:12:47","guid":{"rendered":"http:\/\/www.bonn-kocht.de\/?p=1388"},"modified":"2014-06-02T15:50:10","modified_gmt":"2014-06-02T15:50:10","slug":"bresaola-in-den-bergen","status":"publish","type":"post","link":"http:\/\/www.bonn-kocht.de\/?p=1388","title":{"rendered":"Bresaola in den Bergen"},"content":{"rendered":"<div id=\"attachment_1386\" style=\"width: 810px\" class=\"wp-caption aligncenter\"><a href=\"http:\/\/www.bonn-kocht.de\/wp-content\/uploads\/2014\/05\/Piemont.jpg\"><img aria-describedby=\"caption-attachment-1386\" decoding=\"async\" loading=\"lazy\" class=\"size-full wp-image-1386\" src=\"http:\/\/www.bonn-kocht.de\/wp-content\/uploads\/2014\/05\/Piemont.jpg\" alt=\"Was f\u00fcr eine Verpackung f\u00fcr den wei\u00df leuchtenden K\u00e4se.\" width=\"800\" height=\"584\" srcset=\"http:\/\/www.bonn-kocht.de\/wp-content\/uploads\/2014\/05\/Piemont.jpg 800w, http:\/\/www.bonn-kocht.de\/wp-content\/uploads\/2014\/05\/Piemont-300x219.jpg 300w, http:\/\/www.bonn-kocht.de\/wp-content\/uploads\/2014\/05\/Piemont-410x300.jpg 410w\" sizes=\"(max-width: 800px) 100vw, 800px\" \/><\/a><p id=\"caption-attachment-1386\" class=\"wp-caption-text\">Was f\u00fcr eine Verpackung f\u00fcr den wei\u00df leuchtenden K\u00e4se.<\/p><\/div>\n<p>Vom Ortasee bis in die Berge des Piemonts zieht es sich. Das liegt weniger an den Kilometern \u2013 so viele sind das gar nicht \u2013 als viel mehr an den Serpentinen. Susanne und Raymond machen sich aber auf den Weg, um im kleinen Dorf Sabbia mit rund 50 Einwohnern k\u00f6stlichen Bresaola zu genie\u00dfen.<!--more--><\/p>\n<div id=\"attachment_1390\" style=\"width: 310px\" class=\"wp-caption alignright\"><a href=\"http:\/\/www.bonn-kocht.de\/wp-content\/uploads\/2014\/05\/Piemont-3.jpg\"><img aria-describedby=\"caption-attachment-1390\" decoding=\"async\" loading=\"lazy\" class=\"size-medium wp-image-1390\" src=\"http:\/\/www.bonn-kocht.de\/wp-content\/uploads\/2014\/05\/Piemont-3-300x300.jpg\" alt=\"Der gl\u00fcckliche Ray.\" width=\"300\" height=\"300\" srcset=\"http:\/\/www.bonn-kocht.de\/wp-content\/uploads\/2014\/05\/Piemont-3-300x300.jpg 300w, http:\/\/www.bonn-kocht.de\/wp-content\/uploads\/2014\/05\/Piemont-3-150x150.jpg 150w, http:\/\/www.bonn-kocht.de\/wp-content\/uploads\/2014\/05\/Piemont-3-250x250.jpg 250w, http:\/\/www.bonn-kocht.de\/wp-content\/uploads\/2014\/05\/Piemont-3-50x50.jpg 50w, http:\/\/www.bonn-kocht.de\/wp-content\/uploads\/2014\/05\/Piemont-3.jpg 800w\" sizes=\"(max-width: 300px) 100vw, 300px\" \/><\/a><p id=\"caption-attachment-1390\" class=\"wp-caption-text\">Der gl\u00fcckliche Ray.<\/p><\/div>\n<p>Die Platte mit dem getrockneten Schinken \u00fcber Frischk\u00e4se mit Zucchini ist den Urlaubern gut in Erinnerung geblieben \u2013 selbstverst\u00e4ndlich samt dem herrlichen Ausblick und ein paar Gl\u00e4sern Wein. Susanne und Ray sind auf Empfehlung ihrer Herbergsmutter beim Agriturismo am Ortasee da.<\/p>\n<p>Im kleinen Lokal <a title=\"Locanda Pittu Cupal\" href=\"http:\/\/www.pittucupal.it\/\" target=\"_blank\">Locanda Pittu Cupal<\/a> probieren sie Ravioli mit Fleisch und Speck und am Ende noch eine Cr\u00e8me Caramel. Die ist mit vier Euro fast noch das teuerste Gericht. Zu zweit zahlen sie am Ende 53,50 Euro und wundern sich, das es nicht bedeutend mehr ist. Dieser Ausflug hat sich also gelohnt.<\/p>\n<p><iframe loading=\"lazy\" src=\"https:\/\/maps.google.de\/maps?ie=UTF8&amp;cid=13998243571558982163&amp;q=Locanda+Pittu+Cupal+Di+Cerini+Gian+Paolo&amp;gl=DE&amp;hl=de&amp;hq=&amp;hnear=&amp;t=m&amp;iwloc=A&amp;ll=45.857405,8.236417&amp;spn=0.006295,0.006295&amp;output=embed\" width=\"425\" height=\"350\" frameborder=\"0\" marginwidth=\"0\" marginheight=\"0\" scrolling=\"no\"><\/iframe><br \/>\n<small><a style=\"color: #0000ff; text-align: left;\" href=\"https:\/\/maps.google.de\/maps?ie=UTF8&amp;cid=13998243571558982163&amp;q=Locanda+Pittu+Cupal+Di+Cerini+Gian+Paolo&amp;gl=DE&amp;hl=de&amp;hq=&amp;hnear=&amp;t=m&amp;iwloc=A&amp;ll=45.857405,8.236417&amp;spn=0.006295,0.006295&amp;source=embed\">Gr\u00f6\u00dfere Kartenansicht<\/a><\/small><\/p>\n<div id=\"attachment_1387\" style=\"width: 229px\" class=\"wp-caption alignleft\"><a href=\"http:\/\/www.bonn-kocht.de\/wp-content\/uploads\/2014\/05\/Piemont-2.jpg\"><img aria-describedby=\"caption-attachment-1387\" decoding=\"async\" loading=\"lazy\" class=\"size-medium wp-image-1387\" src=\"http:\/\/www.bonn-kocht.de\/wp-content\/uploads\/2014\/05\/Piemont-2-219x300.jpg\" alt=\"Espresso, Antipasti, Wasser und Wein f\u00fcr zwei - gar nicht mal so teuer.\" width=\"219\" height=\"300\" srcset=\"http:\/\/www.bonn-kocht.de\/wp-content\/uploads\/2014\/05\/Piemont-2-219x300.jpg 219w, http:\/\/www.bonn-kocht.de\/wp-content\/uploads\/2014\/05\/Piemont-2.jpg 586w\" sizes=\"(max-width: 219px) 100vw, 219px\" \/><\/a><p id=\"caption-attachment-1387\" class=\"wp-caption-text\">Espresso, Antipasti, Wasser und Wein f\u00fcr zwei &#8211; gar nicht mal so teuer.<\/p><\/div>\n","protected":false},"excerpt":{"rendered":"<p>Vom Ortasee bis in die Berge des Piemonts zieht es sich. Das liegt weniger an den Kilometern \u2013 so viele sind das gar nicht \u2013 als viel mehr an den Serpentinen. Susanne und Raymond machen sich aber auf den Weg, &hellip; <a href=\"http:\/\/www.bonn-kocht.de\/?p=1388\">Weiterlesen <span class=\"meta-nav\">&rarr;<\/span><\/a><\/p>\n","protected":false},"author":2,"featured_media":0,"comment_status":"open","ping_status":"open","sticky":false,"template":"","format":"standard","meta":{"_coblocks_attr":"","_coblocks_dimensions":"","_coblocks_responsive_height":"","_coblocks_accordion_ie_support":"","om_disable_all_campaigns":false,"_monsterinsights_skip_tracking":false,"_monsterinsights_sitenote_active":false,"_monsterinsights_sitenote_note":"","_monsterinsights_sitenote_category":0,"_s2mail":"yes"},"categories":[1,11],"tags":[],"aioseo_notices":[],"_links":{"self":[{"href":"http:\/\/www.bonn-kocht.de\/index.php?rest_route=\/wp\/v2\/posts\/1388"}],"collection":[{"href":"http:\/\/www.bonn-kocht.de\/index.php?rest_route=\/wp\/v2\/posts"}],"about":[{"href":"http:\/\/www.bonn-kocht.de\/index.php?rest_route=\/wp\/v2\/types\/post"}],"author":[{"embeddable":true,"href":"http:\/\/www.bonn-kocht.de\/index.php?rest_route=\/wp\/v2\/users\/2"}],"replies":[{"embeddable":true,"href":"http:\/\/www.bonn-kocht.de\/index.php?rest_route=%2Fwp%2Fv2%2Fcomments&post=1388"}],"version-history":[{"count":8,"href":"http:\/\/www.bonn-kocht.de\/index.php?rest_route=\/wp\/v2\/posts\/1388\/revisions"}],"predecessor-version":[{"id":1399,"href":"http:\/\/www.bonn-kocht.de\/index.php?rest_route=\/wp\/v2\/posts\/1388\/revisions\/1399"}],"wp:attachment":[{"href":"http:\/\/www.bonn-kocht.de\/index.php?rest_route=%2Fwp%2Fv2%2Fmedia&parent=1388"}],"wp:term":[{"taxonomy":"category","embeddable":true,"href":"http:\/\/www.bonn-kocht.de\/index.php?rest_route=%2Fwp%2Fv2%2Fcategories&post=1388"},{"taxonomy":"post_tag","embeddable":true,"href":"http:\/\/www.bonn-kocht.de\/index.php?rest_route=%2Fwp%2Fv2%2Ftags&post=1388"}],"curies":[{"name":"wp","href":"https:\/\/api.w.org\/{rel}","templated":true}]}}