{"id":1353,"date":"2014-05-12T07:18:27","date_gmt":"2014-05-12T07:18:27","guid":{"rendered":"http:\/\/www.bonn-kocht.de\/?p=1353"},"modified":"2014-05-12T07:39:57","modified_gmt":"2014-05-12T07:39:57","slug":"ankommen-und-bleiben","status":"publish","type":"post","link":"http:\/\/www.bonn-kocht.de\/?p=1353","title":{"rendered":"Ankommen und Bleiben"},"content":{"rendered":"<div id=\"attachment_1357\" style=\"width: 810px\" class=\"wp-caption alignleft\"><a href=\"http:\/\/www.bonn-kocht.de\/wp-content\/uploads\/2014\/05\/Laemmlein-3.jpg\"><img aria-describedby=\"caption-attachment-1357\" decoding=\"async\" loading=\"lazy\" class=\"size-full wp-image-1357\" src=\"http:\/\/www.bonn-kocht.de\/wp-content\/uploads\/2014\/05\/Laemmlein-3.jpg\" alt=\"Der \u00fcberdachte und mit Reben \u00fcberrankte Gastraum.\" width=\"800\" height=\"401\" srcset=\"http:\/\/www.bonn-kocht.de\/wp-content\/uploads\/2014\/05\/Laemmlein-3.jpg 800w, http:\/\/www.bonn-kocht.de\/wp-content\/uploads\/2014\/05\/Laemmlein-3-300x150.jpg 300w, http:\/\/www.bonn-kocht.de\/wp-content\/uploads\/2014\/05\/Laemmlein-3-500x250.jpg 500w\" sizes=\"(max-width: 800px) 100vw, 800px\" \/><\/a><p id=\"caption-attachment-1357\" class=\"wp-caption-text\">Der \u00fcberdachte und mit Reben \u00fcberrankte Gastraum.<\/p><\/div>\n<p>Bein den Brauns gibt es kein \u00f6ffentliches WLAN, der Coffee to go hei\u00dft Coffee to stay. Im Unkeler <a title=\"Weinhaus Im L\u00e4mmlein\" href=\"http:\/\/www.im-laemmlein.de\/\" target=\"_blank\">L\u00e4mmlein<\/a> soll der Gast erst einmal ankommen und beim Betreten nicht schon ans Hinterher, das Nach-Hause-Gehen denken. Zugegeben, das endet dann manchmal damit, dass man das letzte Boot oder den letzen Zug nur noch im Schweinsgalopp erreicht. Aber das ist dann auch schon der einzige Preis f\u00fcr ein paar gem\u00fctliche Stunden \u2013 bei leckerem Wein und schmackhaften K\u00e4se-, Wurst oder Schinkenplatten.<!--more--><\/p>\n<div id=\"attachment_1356\" style=\"width: 310px\" class=\"wp-caption alignleft\"><a href=\"http:\/\/www.bonn-kocht.de\/wp-content\/uploads\/2014\/05\/Laemmlein-2.jpg\"><img aria-describedby=\"caption-attachment-1356\" decoding=\"async\" loading=\"lazy\" class=\"size-medium wp-image-1356\" src=\"http:\/\/www.bonn-kocht.de\/wp-content\/uploads\/2014\/05\/Laemmlein-2-300x222.jpg\" alt=\"Wirt Peter Braun bei einem Glas Wein in der modernen Stube,\" width=\"300\" height=\"222\" srcset=\"http:\/\/www.bonn-kocht.de\/wp-content\/uploads\/2014\/05\/Laemmlein-2-300x222.jpg 300w, http:\/\/www.bonn-kocht.de\/wp-content\/uploads\/2014\/05\/Laemmlein-2-405x300.jpg 405w, http:\/\/www.bonn-kocht.de\/wp-content\/uploads\/2014\/05\/Laemmlein-2.jpg 800w\" sizes=\"(max-width: 300px) 100vw, 300px\" \/><\/a><p id=\"caption-attachment-1356\" class=\"wp-caption-text\">Wirt Peter Braun bei einem Glas Wein in der modernen Stube,<\/p><\/div>\n<p>Martina und Peter f\u00fchren den Familienbetrieb mittlerweile in dritter Generation. Wer die Rheinpromenade mit dem Rad entlangf\u00e4hrt, sollte den Abstecher ins Weinhaus an der P\u00fctzstra\u00dfe gro\u00dfz\u00fcgig einplanen. Ein netter Empfang ist dem Gast sicher, dazu eine gro\u00dfe Auswahl Weine, die einfach schmecken sollen. Tun sie auch, zum Beispiel der trockene Grauburgunder vom Weingut Braun. Das liegt allerdings in der Pfalz und hat au\u00dfer dem Namen keine weiteren Beziehungen zu den Unkeler Brauns. Wer es heimisch mag, bestellt den trockenen Riesling vom Unkeler Sonnenberg. Rotweine von der Ahr und Ros\u00e9 runden das Angebot ab.<\/p>\n<div id=\"attachment_1361\" style=\"width: 310px\" class=\"wp-caption alignright\"><a href=\"http:\/\/www.bonn-kocht.de\/wp-content\/uploads\/2014\/05\/Laemmlein-1.jpg\"><img aria-describedby=\"caption-attachment-1361\" decoding=\"async\" loading=\"lazy\" class=\"size-medium wp-image-1361\" src=\"http:\/\/www.bonn-kocht.de\/wp-content\/uploads\/2014\/05\/Laemmlein-1-300x291.jpg\" alt=\"Der Eingang zum Weinhaus an der P\u00fctzstra\u00dfe.\" width=\"300\" height=\"291\" srcset=\"http:\/\/www.bonn-kocht.de\/wp-content\/uploads\/2014\/05\/Laemmlein-1-300x291.jpg 300w, http:\/\/www.bonn-kocht.de\/wp-content\/uploads\/2014\/05\/Laemmlein-1-50x50.jpg 50w, http:\/\/www.bonn-kocht.de\/wp-content\/uploads\/2014\/05\/Laemmlein-1-309x300.jpg 309w, http:\/\/www.bonn-kocht.de\/wp-content\/uploads\/2014\/05\/Laemmlein-1.jpg 800w\" sizes=\"(max-width: 300px) 100vw, 300px\" \/><\/a><p id=\"caption-attachment-1361\" class=\"wp-caption-text\">Der Eingang zum Weinhaus an der P\u00fctzstra\u00dfe.<\/p><\/div>\n<p>Und so fing alles an: 1938 erwarb Jakob Braun f\u00fcr 6000 Reichsmark ein altes Bauerngeh\u00f6ft in der P\u00fctzgasse. Als Winzer von der Mosel an den Rhein gekommen, \u00f6ffnete er 1949 mit seiner Frau Eva dort eine Strau\u00dfwirtschaft. 1960 \u00fcbernahm Sohn Albert mit seiner Frau Leni den Betrieb. Der Gastraum wurde \u00fcberdacht. 2000 \u00fcbernahm die jetzige Generation das L\u00e4mmlein. Das hat mittlerweile auch im Winter ge\u00f6ffnet &#8211; dank der modern-gem\u00fctlichen Stube. Ein Glas <a title=\"Hugo\" href=\"http:\/\/www.bonn-kocht.de\/?p=471\">Hugo<\/a> als Aperitif? Gern.<\/p>\n<div id=\"attachment_1359\" style=\"width: 160px\" class=\"wp-caption alignleft\"><a href=\"http:\/\/www.bonn-kocht.de\/wp-content\/uploads\/2014\/05\/Laemmlein-6.jpg\"><img aria-describedby=\"caption-attachment-1359\" decoding=\"async\" loading=\"lazy\" class=\"size-thumbnail wp-image-1359\" src=\"http:\/\/www.bonn-kocht.de\/wp-content\/uploads\/2014\/05\/Laemmlein-6-150x150.jpg\" alt=\"Da greift am Tisch jeder gerne zu.\" width=\"150\" height=\"150\" srcset=\"http:\/\/www.bonn-kocht.de\/wp-content\/uploads\/2014\/05\/Laemmlein-6-150x150.jpg 150w, http:\/\/www.bonn-kocht.de\/wp-content\/uploads\/2014\/05\/Laemmlein-6-250x250.jpg 250w, http:\/\/www.bonn-kocht.de\/wp-content\/uploads\/2014\/05\/Laemmlein-6-50x50.jpg 50w\" sizes=\"(max-width: 150px) 100vw, 150px\" \/><\/a><p id=\"caption-attachment-1359\" class=\"wp-caption-text\">Da greift am Tisch jeder gerne zu.<\/p><\/div>\n<p>Die \u00fcppige Bauernplatte oder der Winzerschmaus machen am Tisch mehr als einen satt \u2013 alles Produkte aus der Region. Sollte es mal nicht reichen, gibt es ja auch noch Flammkuchen oder k\u00f6stlichen gebeizten Grappalachs.<\/p>\n<p><a title=\"Weinhaus Im L\u00e4mmlein\" href=\"http:\/\/www.im-laemmlein.de\" target=\"_blank\">Weinhaus Im L\u00e4mmlein<\/a><\/p>\n<div id=\"attachment_1360\" style=\"width: 211px\" class=\"wp-caption alignright\"><a href=\"http:\/\/www.bonn-kocht.de\/wp-content\/uploads\/2014\/05\/Laemmlein-7.jpg\"><img aria-describedby=\"caption-attachment-1360\" decoding=\"async\" loading=\"lazy\" class=\"wp-image-1360 size-medium\" src=\"http:\/\/www.bonn-kocht.de\/wp-content\/uploads\/2014\/05\/Laemmlein-7-201x300.jpg\" alt=\"Von der Mosel an den Rhein: Gro\u00dfvater Braun bei der Arbeit.\" width=\"201\" height=\"300\" srcset=\"http:\/\/www.bonn-kocht.de\/wp-content\/uploads\/2014\/05\/Laemmlein-7-201x300.jpg 201w, http:\/\/www.bonn-kocht.de\/wp-content\/uploads\/2014\/05\/Laemmlein-7.jpg 537w\" sizes=\"(max-width: 201px) 100vw, 201px\" \/><\/a><p id=\"caption-attachment-1360\" class=\"wp-caption-text\">Von der Mosel an den Rhein: Gro\u00dfvater Braun bei der Arbeit.<\/p><\/div>\n<p>P\u00fctzgasse 6<br \/>\n53572 Unkel<br \/>\nTelefon: 02224-3179<\/p>\n<p>E-Mail: <a href=\"mailto:%20braun@im-laemmlein.de\" target=\"_blank\">braun(at)im-laemmlein.de<\/a><\/p>\n<p>\u00d6ffnungszeiten im Sommer:<br \/>\nDienstag bis Samstag ab 14 Uhr ge\u00f6ffnet<br \/>\nSonn- und Feiertage ab 12 Uhr ge\u00f6ffnet<\/p>\n<div id=\"attachment_1358\" style=\"width: 160px\" class=\"wp-caption alignleft\"><a href=\"http:\/\/www.bonn-kocht.de\/wp-content\/uploads\/2014\/05\/Laemmlein-4.jpg\"><img aria-describedby=\"caption-attachment-1358\" decoding=\"async\" loading=\"lazy\" class=\"size-thumbnail wp-image-1358\" src=\"http:\/\/www.bonn-kocht.de\/wp-content\/uploads\/2014\/05\/Laemmlein-4-150x150.jpg\" alt=\"Wei\u00df: Brauns Grauburgunder.\" width=\"150\" height=\"150\" srcset=\"http:\/\/www.bonn-kocht.de\/wp-content\/uploads\/2014\/05\/Laemmlein-4-150x150.jpg 150w, http:\/\/www.bonn-kocht.de\/wp-content\/uploads\/2014\/05\/Laemmlein-4-250x250.jpg 250w, http:\/\/www.bonn-kocht.de\/wp-content\/uploads\/2014\/05\/Laemmlein-4-50x50.jpg 50w\" sizes=\"(max-width: 150px) 100vw, 150px\" \/><\/a><p id=\"caption-attachment-1358\" class=\"wp-caption-text\">Wei\u00df: Brauns Grauburgunder.<\/p><\/div>\n","protected":false},"excerpt":{"rendered":"<p>Bein den Brauns gibt es kein \u00f6ffentliches WLAN, der Coffee to go hei\u00dft Coffee to stay. Im Unkeler L\u00e4mmlein soll der Gast erst einmal ankommen und beim Betreten nicht schon ans Hinterher, das Nach-Hause-Gehen denken. Zugegeben, das endet dann manchmal &hellip; <a href=\"http:\/\/www.bonn-kocht.de\/?p=1353\">Weiterlesen <span class=\"meta-nav\">&rarr;<\/span><\/a><\/p>\n","protected":false},"author":2,"featured_media":0,"comment_status":"open","ping_status":"open","sticky":false,"template":"","format":"standard","meta":{"_coblocks_attr":"","_coblocks_dimensions":"","_coblocks_responsive_height":"","_coblocks_accordion_ie_support":"","om_disable_all_campaigns":false,"_monsterinsights_skip_tracking":false,"_monsterinsights_sitenote_active":false,"_monsterinsights_sitenote_note":"","_monsterinsights_sitenote_category":0,"_s2mail":"yes"},"categories":[1,10,9],"tags":[130,36,25],"aioseo_notices":[],"_links":{"self":[{"href":"http:\/\/www.bonn-kocht.de\/index.php?rest_route=\/wp\/v2\/posts\/1353"}],"collection":[{"href":"http:\/\/www.bonn-kocht.de\/index.php?rest_route=\/wp\/v2\/posts"}],"about":[{"href":"http:\/\/www.bonn-kocht.de\/index.php?rest_route=\/wp\/v2\/types\/post"}],"author":[{"embeddable":true,"href":"http:\/\/www.bonn-kocht.de\/index.php?rest_route=\/wp\/v2\/users\/2"}],"replies":[{"embeddable":true,"href":"http:\/\/www.bonn-kocht.de\/index.php?rest_route=%2Fwp%2Fv2%2Fcomments&post=1353"}],"version-history":[{"count":7,"href":"http:\/\/www.bonn-kocht.de\/index.php?rest_route=\/wp\/v2\/posts\/1353\/revisions"}],"predecessor-version":[{"id":1366,"href":"http:\/\/www.bonn-kocht.de\/index.php?rest_route=\/wp\/v2\/posts\/1353\/revisions\/1366"}],"wp:attachment":[{"href":"http:\/\/www.bonn-kocht.de\/index.php?rest_route=%2Fwp%2Fv2%2Fmedia&parent=1353"}],"wp:term":[{"taxonomy":"category","embeddable":true,"href":"http:\/\/www.bonn-kocht.de\/index.php?rest_route=%2Fwp%2Fv2%2Fcategories&post=1353"},{"taxonomy":"post_tag","embeddable":true,"href":"http:\/\/www.bonn-kocht.de\/index.php?rest_route=%2Fwp%2Fv2%2Ftags&post=1353"}],"curies":[{"name":"wp","href":"https:\/\/api.w.org\/{rel}","templated":true}]}}