{"id":1345,"date":"2014-04-23T07:54:35","date_gmt":"2014-04-23T07:54:35","guid":{"rendered":"http:\/\/www.bonn-kocht.de\/?p=1345"},"modified":"2014-04-23T07:56:29","modified_gmt":"2014-04-23T07:56:29","slug":"was-zum-knabbern","status":"publish","type":"post","link":"http:\/\/www.bonn-kocht.de\/?p=1345","title":{"rendered":"Was zum Knabbern"},"content":{"rendered":"<div id=\"attachment_1348\" style=\"width: 810px\" class=\"wp-caption alignright\"><a href=\"http:\/\/www.bonn-kocht.de\/wp-content\/uploads\/2014\/04\/Laden-Grand-Frais-1.jpg\"><img aria-describedby=\"caption-attachment-1348\" decoding=\"async\" loading=\"lazy\" class=\"size-full wp-image-1348\" src=\"http:\/\/www.bonn-kocht.de\/wp-content\/uploads\/2014\/04\/Laden-Grand-Frais-1.jpg\" alt=\"Alles f\u00fcr den Aperitif.\" width=\"800\" height=\"600\" srcset=\"http:\/\/www.bonn-kocht.de\/wp-content\/uploads\/2014\/04\/Laden-Grand-Frais-1.jpg 800w, http:\/\/www.bonn-kocht.de\/wp-content\/uploads\/2014\/04\/Laden-Grand-Frais-1-300x225.jpg 300w, http:\/\/www.bonn-kocht.de\/wp-content\/uploads\/2014\/04\/Laden-Grand-Frais-1-400x300.jpg 400w\" sizes=\"(max-width: 800px) 100vw, 800px\" \/><\/a><p id=\"caption-attachment-1348\" class=\"wp-caption-text\">Alles f\u00fcr den Aperitif.<\/p><\/div>\n<p>Der <a title=\"Apritif Wikipedia\" href=\"http:\/\/de.wikipedia.org\/wiki\/Aperitif\" target=\"_blank\">Aperitif<\/a> in Frankreich ist weit mehr als ein Schluck Alkohol vor dem Essen. Er soll nat\u00fcrlich zum einen den Appetit anregen, aber dient auch dem sozialen Miteinander. Immer mit dabei: ein paar kleine H\u00e4ppchen, Chips oder getrocknete Fr\u00fcchte und N\u00fcsse. Kein Wunder, dass es die mittlerweile an gro\u00dfen Theken zum Selbermischen gibt.<!--more--><\/p>\n<p>Zum Beispiel in den schicken Gesch\u00e4ften der 1992 gegr\u00fcndeten Kette <a href=\"http:\/\/www.grandfrais.com\/\" target=\"_blank\">Grand Frais<\/a>, die sich auf frische Produkte und Lebensmittel aus der ganzen Welt spezialisiert hat. Fleisch, Fisch und Obst sind von bester Qualit\u00e4t und dabei bezahlbar. Eine sch\u00f6ne Alternative zu den Supermarktkolossen des Landes.<\/p>\n<div id=\"attachment_1349\" style=\"width: 310px\" class=\"wp-caption alignleft\"><a href=\"http:\/\/www.bonn-kocht.de\/wp-content\/uploads\/2014\/04\/Laden-Grand-Frais-3.jpg\"><img aria-describedby=\"caption-attachment-1349\" decoding=\"async\" loading=\"lazy\" class=\"size-medium wp-image-1349\" src=\"http:\/\/www.bonn-kocht.de\/wp-content\/uploads\/2014\/04\/Laden-Grand-Frais-3-300x139.jpg\" alt=\"Blick in Filiale Laval von Grand Frais\" width=\"300\" height=\"139\" srcset=\"http:\/\/www.bonn-kocht.de\/wp-content\/uploads\/2014\/04\/Laden-Grand-Frais-3-300x139.jpg 300w, http:\/\/www.bonn-kocht.de\/wp-content\/uploads\/2014\/04\/Laden-Grand-Frais-3-500x233.jpg 500w, http:\/\/www.bonn-kocht.de\/wp-content\/uploads\/2014\/04\/Laden-Grand-Frais-3.jpg 800w\" sizes=\"(max-width: 300px) 100vw, 300px\" \/><\/a><p id=\"caption-attachment-1349\" class=\"wp-caption-text\">Blick in Filiale Laval von Grand Frais<\/p><\/div>\n<p>Wie gesagt, anstatt der bunten Haribo-Bonbon-Welt gibt es hier getrocknete Ananas, Kokosnuss, Bananenchips und Macadamian\u00fcsse. Die knabbern die Franzosen dann gerne zum bitters\u00fc\u00dfen Suze, der aus der Wurzel des gelben Enzians gewonnen wird. Dieser eher eigenartige Aperitif hat es bislang noch nicht bis hierhin geschafft. Porto und Pastis allerdings schon.<\/p>\n<div id=\"attachment_1350\" style=\"width: 160px\" class=\"wp-caption alignright\"><a href=\"http:\/\/www.bonn-kocht.de\/wp-content\/uploads\/2014\/04\/Laden-Grand-Frais-2.jpg\"><img aria-describedby=\"caption-attachment-1350\" decoding=\"async\" loading=\"lazy\" class=\"size-thumbnail wp-image-1350\" src=\"http:\/\/www.bonn-kocht.de\/wp-content\/uploads\/2014\/04\/Laden-Grand-Frais-2-150x150.jpg\" alt=\"Getrocknete Ananas.\" width=\"150\" height=\"150\" srcset=\"http:\/\/www.bonn-kocht.de\/wp-content\/uploads\/2014\/04\/Laden-Grand-Frais-2-150x150.jpg 150w, http:\/\/www.bonn-kocht.de\/wp-content\/uploads\/2014\/04\/Laden-Grand-Frais-2-250x250.jpg 250w, http:\/\/www.bonn-kocht.de\/wp-content\/uploads\/2014\/04\/Laden-Grand-Frais-2-50x50.jpg 50w\" sizes=\"(max-width: 150px) 100vw, 150px\" \/><\/a><p id=\"caption-attachment-1350\" class=\"wp-caption-text\">Getrocknete Ananas.<\/p><\/div>\n<p>Doch ein Aperitif bedeute nicht, dass man danach auch etwas zu essen bekommt. Gern l\u00e4dt man in Frankreich Freunde zur geselligen Runde ein, wobei jedem Gast klar ist, dass es nach gut einer Stunde wieder nach Hause geht. Es w\u00e4re wohl unh\u00f6flich, l\u00e4nger zu bleiben.<\/p>\n","protected":false},"excerpt":{"rendered":"<p>Der Aperitif in Frankreich ist weit mehr als ein Schluck Alkohol vor dem Essen. Er soll nat\u00fcrlich zum einen den Appetit anregen, aber dient auch dem sozialen Miteinander. Immer mit dabei: ein paar kleine H\u00e4ppchen, Chips oder getrocknete Fr\u00fcchte und &hellip; <a href=\"http:\/\/www.bonn-kocht.de\/?p=1345\">Weiterlesen <span class=\"meta-nav\">&rarr;<\/span><\/a><\/p>\n","protected":false},"author":2,"featured_media":0,"comment_status":"open","ping_status":"open","sticky":false,"template":"","format":"standard","meta":{"_coblocks_attr":"","_coblocks_dimensions":"","_coblocks_responsive_height":"","_coblocks_accordion_ie_support":"","om_disable_all_campaigns":false,"_monsterinsights_skip_tracking":false,"_monsterinsights_sitenote_active":false,"_monsterinsights_sitenote_note":"","_monsterinsights_sitenote_category":0,"_s2mail":"yes"},"categories":[1,8,9,11],"tags":[15,24,16],"aioseo_notices":[],"_links":{"self":[{"href":"http:\/\/www.bonn-kocht.de\/index.php?rest_route=\/wp\/v2\/posts\/1345"}],"collection":[{"href":"http:\/\/www.bonn-kocht.de\/index.php?rest_route=\/wp\/v2\/posts"}],"about":[{"href":"http:\/\/www.bonn-kocht.de\/index.php?rest_route=\/wp\/v2\/types\/post"}],"author":[{"embeddable":true,"href":"http:\/\/www.bonn-kocht.de\/index.php?rest_route=\/wp\/v2\/users\/2"}],"replies":[{"embeddable":true,"href":"http:\/\/www.bonn-kocht.de\/index.php?rest_route=%2Fwp%2Fv2%2Fcomments&post=1345"}],"version-history":[{"count":2,"href":"http:\/\/www.bonn-kocht.de\/index.php?rest_route=\/wp\/v2\/posts\/1345\/revisions"}],"predecessor-version":[{"id":1351,"href":"http:\/\/www.bonn-kocht.de\/index.php?rest_route=\/wp\/v2\/posts\/1345\/revisions\/1351"}],"wp:attachment":[{"href":"http:\/\/www.bonn-kocht.de\/index.php?rest_route=%2Fwp%2Fv2%2Fmedia&parent=1345"}],"wp:term":[{"taxonomy":"category","embeddable":true,"href":"http:\/\/www.bonn-kocht.de\/index.php?rest_route=%2Fwp%2Fv2%2Fcategories&post=1345"},{"taxonomy":"post_tag","embeddable":true,"href":"http:\/\/www.bonn-kocht.de\/index.php?rest_route=%2Fwp%2Fv2%2Ftags&post=1345"}],"curies":[{"name":"wp","href":"https:\/\/api.w.org\/{rel}","templated":true}]}}