{"id":1147,"date":"2013-03-28T16:36:01","date_gmt":"2013-03-28T16:36:01","guid":{"rendered":"http:\/\/www.bonn-kocht.de\/?p=1147"},"modified":"2013-06-27T15:10:57","modified_gmt":"2013-06-27T15:10:57","slug":"fried-flamingo-in-bonn-sundhaft-leckere-tortchen","status":"publish","type":"post","link":"http:\/\/www.bonn-kocht.de\/?p=1147","title":{"rendered":"Fried Flamingo in Bonn: S\u00fcndhaft leckere T\u00f6rtchen"},"content":{"rendered":"<dl class=\"wp-caption alignleft\" id=\"attachment_1143\" style=\"width: 123px;\">\n<dt class=\"wp-caption-dt\"><a href=\"http:\/\/www.bonn-kocht.de\/wp-content\/uploads\/2013\/03\/20130328-144021.jpg\"><img decoding=\"async\" loading=\"lazy\" class=\"size-full wp-image-1143\" alt=\"Nicht nur h\u00fcbsch anzuschauen: T\u00f6rtchen von Fried Flamingo.\" src=\"http:\/\/www.bonn-kocht.de\/wp-content\/uploads\/2013\/03\/20130328-144021.jpg\" width=\"113\" height=\"150\" \/><\/a><\/dt>\n<dd class=\"wp-caption-dd\">Nicht nur h\u00fcbsch anzuschauen: T\u00f6rtchen von Fried Flamingo.<\/dd>\n<\/dl>\n<p>Buttriger Streusel mit karamelisiertem Apfel? Oder lieber ein K\u00e4sek\u00fcchlein mit Erdbeer-Deko? Oder doch lieber Mango-Mousse? Die Qual der Wahl hat, wer sich die Nase am Kuchenbuffet in der Bonner Stockenstra\u00dfe 12 platt dr\u00fcckt. Verr\u00fcckt klingt der Name &#8220;Fried Flamingo&#8221;, beruhigend zu erfahren, dass dort weder St\u00f6rche noch pinkfarbene Langbeine\u00a0gebraten werden. Vielmehr stammt der witzige Name aus einem alten englischen Kochbuch und wird im Gesch\u00e4ft auf Nachfrage verraten. <!--more-->Aber nicht nur S\u00fc\u00dfschn\u00e4bel kommen dort auf ihre Kosten: Es gibt auch leckere Quiches und Pies. Au\u00dferdem rettet das dazugeh\u00f6rige Catering auch noch die spontanste Party mit seinem Erste-Hife-Service. Auch wenn dort manchmal nicht alles ist, wie es scheint: Die Dose\u00a0mit den appetitlich gl\u00e4nzenden Sardinen im Regal entpuppt sich zum Beispiel als leckere Schokolade.<\/p>\n<p><a href=\"http:\/\/www.fried-flamingo.de\/Startseite\" target=\"_blank\">http:\/\/www.fried-flamingo.de<\/a><\/p>\n","protected":false},"excerpt":{"rendered":"<p>Nicht nur h\u00fcbsch anzuschauen: T\u00f6rtchen von Fried Flamingo. Buttriger Streusel mit karamelisiertem Apfel? Oder lieber ein K\u00e4sek\u00fcchlein mit Erdbeer-Deko? Oder doch lieber Mango-Mousse? Die Qual der Wahl hat, wer sich die Nase am Kuchenbuffet in der Bonner Stockenstra\u00dfe 12 platt &hellip; <a href=\"http:\/\/www.bonn-kocht.de\/?p=1147\">Weiterlesen <span class=\"meta-nav\">&rarr;<\/span><\/a><\/p>\n","protected":false},"author":4,"featured_media":0,"comment_status":"open","ping_status":"open","sticky":false,"template":"","format":"standard","meta":{"_coblocks_attr":"","_coblocks_dimensions":"","_coblocks_responsive_height":"","_coblocks_accordion_ie_support":"","om_disable_all_campaigns":false,"_monsterinsights_skip_tracking":false,"_monsterinsights_sitenote_active":false,"_monsterinsights_sitenote_note":"","_monsterinsights_sitenote_category":0,"_s2mail":""},"categories":[1,10,8],"tags":[106,105],"aioseo_notices":[],"_links":{"self":[{"href":"http:\/\/www.bonn-kocht.de\/index.php?rest_route=\/wp\/v2\/posts\/1147"}],"collection":[{"href":"http:\/\/www.bonn-kocht.de\/index.php?rest_route=\/wp\/v2\/posts"}],"about":[{"href":"http:\/\/www.bonn-kocht.de\/index.php?rest_route=\/wp\/v2\/types\/post"}],"author":[{"embeddable":true,"href":"http:\/\/www.bonn-kocht.de\/index.php?rest_route=\/wp\/v2\/users\/4"}],"replies":[{"embeddable":true,"href":"http:\/\/www.bonn-kocht.de\/index.php?rest_route=%2Fwp%2Fv2%2Fcomments&post=1147"}],"version-history":[{"count":8,"href":"http:\/\/www.bonn-kocht.de\/index.php?rest_route=\/wp\/v2\/posts\/1147\/revisions"}],"predecessor-version":[{"id":1238,"href":"http:\/\/www.bonn-kocht.de\/index.php?rest_route=\/wp\/v2\/posts\/1147\/revisions\/1238"}],"wp:attachment":[{"href":"http:\/\/www.bonn-kocht.de\/index.php?rest_route=%2Fwp%2Fv2%2Fmedia&parent=1147"}],"wp:term":[{"taxonomy":"category","embeddable":true,"href":"http:\/\/www.bonn-kocht.de\/index.php?rest_route=%2Fwp%2Fv2%2Fcategories&post=1147"},{"taxonomy":"post_tag","embeddable":true,"href":"http:\/\/www.bonn-kocht.de\/index.php?rest_route=%2Fwp%2Fv2%2Ftags&post=1147"}],"curies":[{"name":"wp","href":"https:\/\/api.w.org\/{rel}","templated":true}]}}