{"id":1059,"date":"2013-03-25T10:27:03","date_gmt":"2013-03-25T10:27:03","guid":{"rendered":"http:\/\/www.bonn-kocht.de\/?p=1059"},"modified":"2013-03-28T16:24:04","modified_gmt":"2013-03-28T16:24:04","slug":"mit-der-s-bahn-in-den-weinberg","status":"publish","type":"post","link":"http:\/\/www.bonn-kocht.de\/?p=1059","title":{"rendered":"Wien: Mit der S-Bahn in den Weinberg"},"content":{"rendered":"<div id=\"attachment_1055\" style=\"width: 160px\" class=\"wp-caption alignleft\"><a href=\"http:\/\/www.bonn-kocht.de\/wp-content\/uploads\/2013\/03\/fritz-lissi-wieninger.jpg\"><img aria-describedby=\"caption-attachment-1055\" decoding=\"async\" loading=\"lazy\" class=\"size-thumbnail wp-image-1055\" alt=\"Lissi und Fritz Wieninger aus Wien.\" src=\"http:\/\/www.bonn-kocht.de\/wp-content\/uploads\/2013\/03\/fritz-lissi-wieninger-150x150.jpg\" width=\"150\" height=\"150\" srcset=\"http:\/\/www.bonn-kocht.de\/wp-content\/uploads\/2013\/03\/fritz-lissi-wieninger-150x150.jpg 150w, http:\/\/www.bonn-kocht.de\/wp-content\/uploads\/2013\/03\/fritz-lissi-wieninger-300x300.jpg 300w, http:\/\/www.bonn-kocht.de\/wp-content\/uploads\/2013\/03\/fritz-lissi-wieninger-1024x1024.jpg 1024w, http:\/\/www.bonn-kocht.de\/wp-content\/uploads\/2013\/03\/fritz-lissi-wieninger.jpg 1224w\" sizes=\"(max-width: 150px) 100vw, 150px\" \/><\/a><p id=\"caption-attachment-1055\" class=\"wp-caption-text\">Lissi und Fritz Wieninger aus Wien.<\/p><\/div>\n<p>&#8220;Gestatten, mein Name ist Wieninger, und ich komme aus Wien.&#8221; Wegen der Weinmesse in D\u00fcsseldorf zieht es ihn f\u00fcr ein paar Tage ins Rheinland und stellt seine k\u00f6stlichen Tropfen an einem Samstagnachmittag auch in Siegburg vor. &#8220;\u00d6sterreich im Glas&#8221;, lautet hier das Motto. Wieninger treibt&#8217;s an dieser Stelle bunt, mit dem Ergebnis, dass sich bei ihm ganz Wien im Glas versammelt. Was ist damit gemeint?<\/p>\n<p><!--more--><\/p>\n<p>Dreh und Angelpunkt ist eine alte Wiener Tradition, die das Weingut hochh\u00e4lt &#8211; der sogenannte Gemischte Satz. Dabei stehen die Reben verschiedener Sorten bunt gemischt im Weingarten und werden hinterher zu einem Wein verarbeitet. Anders als beim Cuv\u00e9e, wo jede Sorte einzeln vergoren und erst hinterher gemischt wird, kommen die Trauben schon bei der Ernte im Weinberg zusammen. So besteht der \u201eNussberg, Alte Reben\u201c (Jahrgang 2011, 18,90 Euro) aus Gr\u00fcnem Veltliner, Neuburger, Riesling Rotgipfler, Silvaner, Traminer, Wei\u00dfburgunder, Welschriesling und Zierfandler. Diese wilde Mischung schmeckt \u2013 richtig gut, frisch\u00a0und komplex.<\/p>\n<p>\u201eWarum soll ein Wein sortenrein sein?\u201c, fragt Fritz Wieninger ein wenig provokant. Was in Deutschland eher \u00fcblich sei, werde im Ausland anders gehandhabt. \u201eSchauen sie mal nach Bordeaux\u201c, verweist er auf Frankreich, wo es \u00fcblich ist, Cuv\u00e9e anzubieten \u2013 oftmals stehen die einzelnen Traubensorten noch nicht einmal auf der Flasche drauf. \u201eAm Ende entscheidet der Geschmack\u201c, sagt der \u00d6sterreicher, der im roten Sektor zum Beispiel seine Wiener Trilogie mit 65 Prozent Zweigelt, 15 Prozent Merlot und 20 Prozent Cabernet Sauvignon herstellt. Die Traubensorten werden dabei zu verschiedenen Zeitpunkten geerntet. Der Jahrgang des sonnenverw\u00f6hnten 2009 ist mittlerweile so gut wie vergriffen, \u201eich habe selbst nur noch ganz wenige Flaschen\u201c, sagt Wieninger. Doch man greife ruhig auch zum 2010er, der sich mit seiner W\u00fcrze und den beerigen Noten nicht zu verstecken braucht (13,90 Euro).<\/p>\n<div id=\"attachment_1134\" style=\"width: 310px\" class=\"wp-caption alignleft\"><a href=\"http:\/\/www.bonn-kocht.de\/wp-content\/uploads\/2013\/03\/weinhandelshaus-siegburg.jpg\"><img aria-describedby=\"caption-attachment-1134\" decoding=\"async\" loading=\"lazy\" class=\"size-medium wp-image-1134\" alt=\"Blick in die Schatzkammer des Weinhandelshauses Siegburg.\" src=\"http:\/\/www.bonn-kocht.de\/wp-content\/uploads\/2013\/03\/weinhandelshaus-siegburg-300x225.jpg\" width=\"300\" height=\"225\" srcset=\"http:\/\/www.bonn-kocht.de\/wp-content\/uploads\/2013\/03\/weinhandelshaus-siegburg-300x225.jpg 300w, http:\/\/www.bonn-kocht.de\/wp-content\/uploads\/2013\/03\/weinhandelshaus-siegburg-400x300.jpg 400w, http:\/\/www.bonn-kocht.de\/wp-content\/uploads\/2013\/03\/weinhandelshaus-siegburg.jpg 800w\" sizes=\"(max-width: 300px) 100vw, 300px\" \/><\/a><p id=\"caption-attachment-1134\" class=\"wp-caption-text\">Blick in die Schatzkammer des Weinhandelshauses Siegburg.<\/p><\/div>\n<p>Bisamberg und Nu\u00dfberg, wo das Gut seine Reben kultiviert, liegen am Stadtrand von Wien, getrennt von der Donau. Der Weinanbau liegt so nahe an der Stadt, dass man die Gegend noch mit der S-Bahn erreichen kann. Eine bemerkenswerte Lage.<\/p>\n<p><a href=\"http:\/\/www.wieninger.at\" target=\"_blank\">http:\/\/www.wieninger.at<\/a><\/p>\n<p><a href=\"http:\/\/www.weinhandelshaus-siegburg.de\" target=\"_blank\">http:\/\/www.weinhandelshaus-siegburg.de<\/a><\/p>\n","protected":false},"excerpt":{"rendered":"<p>&#8220;Gestatten, mein Name ist Wieninger, und ich komme aus Wien.&#8221; Wegen der Weinmesse in D\u00fcsseldorf zieht es ihn f\u00fcr ein paar Tage ins Rheinland und stellt seine k\u00f6stlichen Tropfen an einem Samstagnachmittag auch in Siegburg vor. &#8220;\u00d6sterreich im Glas&#8221;, lautet &hellip; <a href=\"http:\/\/www.bonn-kocht.de\/?p=1059\">Weiterlesen <span class=\"meta-nav\">&rarr;<\/span><\/a><\/p>\n","protected":false},"author":2,"featured_media":0,"comment_status":"open","ping_status":"open","sticky":false,"template":"","format":"standard","meta":{"_coblocks_attr":"","_coblocks_dimensions":"","_coblocks_responsive_height":"","_coblocks_accordion_ie_support":"","om_disable_all_campaigns":false,"_monsterinsights_skip_tracking":false,"_monsterinsights_sitenote_active":false,"_monsterinsights_sitenote_note":"","_monsterinsights_sitenote_category":0,"_s2mail":""},"categories":[1,10,9],"tags":[103,104,25,27,102],"aioseo_notices":[],"_links":{"self":[{"href":"http:\/\/www.bonn-kocht.de\/index.php?rest_route=\/wp\/v2\/posts\/1059"}],"collection":[{"href":"http:\/\/www.bonn-kocht.de\/index.php?rest_route=\/wp\/v2\/posts"}],"about":[{"href":"http:\/\/www.bonn-kocht.de\/index.php?rest_route=\/wp\/v2\/types\/post"}],"author":[{"embeddable":true,"href":"http:\/\/www.bonn-kocht.de\/index.php?rest_route=\/wp\/v2\/users\/2"}],"replies":[{"embeddable":true,"href":"http:\/\/www.bonn-kocht.de\/index.php?rest_route=%2Fwp%2Fv2%2Fcomments&post=1059"}],"version-history":[{"count":21,"href":"http:\/\/www.bonn-kocht.de\/index.php?rest_route=\/wp\/v2\/posts\/1059\/revisions"}],"predecessor-version":[{"id":1133,"href":"http:\/\/www.bonn-kocht.de\/index.php?rest_route=\/wp\/v2\/posts\/1059\/revisions\/1133"}],"wp:attachment":[{"href":"http:\/\/www.bonn-kocht.de\/index.php?rest_route=%2Fwp%2Fv2%2Fmedia&parent=1059"}],"wp:term":[{"taxonomy":"category","embeddable":true,"href":"http:\/\/www.bonn-kocht.de\/index.php?rest_route=%2Fwp%2Fv2%2Fcategories&post=1059"},{"taxonomy":"post_tag","embeddable":true,"href":"http:\/\/www.bonn-kocht.de\/index.php?rest_route=%2Fwp%2Fv2%2Ftags&post=1059"}],"curies":[{"name":"wp","href":"https:\/\/api.w.org\/{rel}","templated":true}]}}